{"id":65895,"date":"2012-04-18T16:42:39","date_gmt":"2012-04-18T16:42:39","guid":{"rendered":"http:\/\/diariodominicano.ddns.net\/?p=65895"},"modified":"2012-04-18T16:42:39","modified_gmt":"2012-04-18T16:42:39","slug":"instituto-duartiano-presente-en-la-feria-internacional-del-libro","status":"publish","type":"post","link":"https:\/\/diariodominicano.com\/?p=65895","title":{"rendered":"Instituto Duartiano presente en la Feria Internacional del Libro"},"content":{"rendered":"<p><body><\/p>\n<p>Santo Domingo, RD, 18 abril, 12:35 pm.- El Instituto Duartiano participar\u00e1 en la XV Feria Internacional del Libro mediante un pabell\u00f3n que representa la Casa Natal de Duarte, ubicado al lado este del Museo de Arte Moderno, en la Plaza de la Cultura, donde se celebra dicha feria, desde el mi\u00e9rcoles 18 de abril  hasta el domingo 6 de mayo.<\/p>\n<\/p>\n<p>De ese  modo  invit\u00f3 a todos los dominicanos a visitar  la feria, en el Pabell\u00f3n de la Casa de Duarte, donde el p\u00fablico en general puede apreciar la vida y obra ejemplar del Patricio, como avance al a\u00f1o del Bicentenario de Duarte a cumplirse el 26 de enero a\u00f1o 2013.  <\/p>\n<\/p>\n<p>La Casa Natal de Duarte est\u00e1 ubicada en Zona Colonial en la ciudad de Santo Domingo de Guzm\u00e1n. El per\u00edmetro que abarca es \u00abpatrimonio mundial\u00bb, declarado oficialmente as\u00ed por la UNESCO, en 1990, entidad ap\u00e9ndice de Organizaci\u00f3n de las Naciones Unidas (ONU).<\/p>\n<\/p>\n<p>La Casa Natal de Duarte est\u00e1 restaurada, se sit\u00faa en la calle Isabel La Cat\u00f3lica No. 308,  antigua calle El Comercio No.88 de la moderna ciudad de Santo Domingo, Distrito Nacional, capital de la Rep\u00fablica Dominicana, donde est\u00e1 el Museo Casa Duarte.<\/p>\n<\/p>\n<h6> 2012-04-18 16:42:39 <\/h6>\n<p><!--\n<link rel=\"stylesheet\" href=\"css\/bootstrap.min.css\">\n\n\n<ul class=\"pagination\">\n\t    \n\t\n\n<li >\n\t<a href='?page_no=17572'>Previous<\/a>\n\t<\/li>\n\n\n       \n    \n\n<li><a href='?page_no=1'>1<\/a><\/li>\n\n\n\n<li><a href='?page_no=2'>2<\/a><\/li>\n\n\n\n<li><a>...<\/a><\/li>\n\n\n\n<li><a href='?page_no=17571'>17571<\/a><\/li>\n\n\n\n<li><a href='?page_no=17572'>17572<\/a><\/li>\n\n\n\n<li class='active'><a>17573<\/a><\/li>\n\n\n\n<li><a href='?page_no=17574'>17574<\/a><\/li>\n\n\n\n<li><a href='?page_no=17575'>17575<\/a><\/li>\n\n\n\n<li><a>...<\/a><\/li>\n\n\n\n<li><a href='?page_no=22911'>22911<\/a><\/li>\n\n\n\n<li><a href='?page_no=22912'>22912<\/a><\/li>\n\n    \n\t\n\n<li >\n\t<a href='?page_no=17574'>Next<\/a>\n\t<\/li>\n\n\n    \n\n<li><a href='?page_no=22912'>Last &rsaquo;&rsaquo;<\/a><\/li>\n\n<\/ul>\n\n\n--><br \/>\n<\/body><\/p>\n","protected":false},"excerpt":{"rendered":"<p>Santo Domingo, RD, 18 abril, 12:35 pm.- El Instituto Duartiano participar\u00e1 en la XV Feria Internacional del Libro mediante un pabell\u00f3n que representa la Casa Natal de Duarte, ubicado al lado este del Museo de Arte Moderno, en la Plaza de la Cultura, donde se celebra dicha feria, desde el mi\u00e9rcoles 18 de abril hasta [&hellip;]<\/p>\n","protected":false},"author":3,"featured_media":0,"comment_status":"open","ping_status":"open","sticky":false,"template":"","format":"standard","meta":{"footnotes":""},"categories":[21],"tags":[],"class_list":["post-65895","post","type-post","status-publish","format-standard","hentry","category-cultura"],"_links":{"self":[{"href":"https:\/\/diariodominicano.com\/index.php?rest_route=\/wp\/v2\/posts\/65895","targetHints":{"allow":["GET"]}}],"collection":[{"href":"https:\/\/diariodominicano.com\/index.php?rest_route=\/wp\/v2\/posts"}],"about":[{"href":"https:\/\/diariodominicano.com\/index.php?rest_route=\/wp\/v2\/types\/post"}],"author":[{"embeddable":true,"href":"https:\/\/diariodominicano.com\/index.php?rest_route=\/wp\/v2\/users\/3"}],"replies":[{"embeddable":true,"href":"https:\/\/diariodominicano.com\/index.php?rest_route=%2Fwp%2Fv2%2Fcomments&post=65895"}],"version-history":[{"count":0,"href":"https:\/\/diariodominicano.com\/index.php?rest_route=\/wp\/v2\/posts\/65895\/revisions"}],"wp:attachment":[{"href":"https:\/\/diariodominicano.com\/index.php?rest_route=%2Fwp%2Fv2%2Fmedia&parent=65895"}],"wp:term":[{"taxonomy":"category","embeddable":true,"href":"https:\/\/diariodominicano.com\/index.php?rest_route=%2Fwp%2Fv2%2Fcategories&post=65895"},{"taxonomy":"post_tag","embeddable":true,"href":"https:\/\/diariodominicano.com\/index.php?rest_route=%2Fwp%2Fv2%2Ftags&post=65895"}],"curies":[{"name":"wp","href":"https:\/\/api.w.org\/{rel}","templated":true}]}}