{"id":65894,"date":"2012-04-18T17:32:24","date_gmt":"2012-04-18T17:32:24","guid":{"rendered":"http:\/\/diariodominicano.ddns.net\/?p=65894"},"modified":"2012-04-18T17:32:24","modified_gmt":"2012-04-18T17:32:24","slug":"presidente-leonel-fernandez-inaugura-hoy-la-feria-del-libro","status":"publish","type":"post","link":"https:\/\/diariodominicano.com\/?p=65894","title":{"rendered":"Presidente Leonel Fern\u00e1ndez inaugura hoy la Feria del Libro"},"content":{"rendered":"<p><body><\/p>\n<p><span class=\"text1noticias\">Santo Domingo RD 18 abril (1:28 pm).- El presidente Leonel Fern\u00e1ndez inaugura esta noche la XV Feria Internacional del Libro (FIL), Santo Domingo 2012, que tiene a Centroam\u00e9rica como invitada de honor y en la que participar\u00e1n 28 pa\u00edses y 425 expositores.<\/span><\/p>\n<\/p>\n<p><span class=\"text1noticias\">La ceremonia inaugural del m\u00e1s importante evento cultural del pa\u00eds ser\u00e1 realizada en la sala Carlos Piantini, del Teatro Nacional Eduardo Brito, a las 6:00 de la tarde.<\/span><\/p>\n<\/p>\n<p><span class=\"text1noticias\">La FIL estar\u00e1 dedicada a Enriquillo S\u00e1nchez, uno de los m\u00e1s importantes escritores de la generaci\u00f3n de posguerra, en cuyo honor se publicar\u00e1n sus libros, se analizar\u00e1 su vida y obra, se efectuar\u00e1n conversatorios y conferencias, adem\u00e1s de una importante exposici\u00f3n en el Museo del Hombre Dominicano.<\/span><\/p>\n<\/p>\n<p><span class=\"text1noticias\">A esta fiesta literaria, que este a\u00f1o festeja su 15 aniversario, asistir\u00e1n 64 escritores procedentes de 17 pa\u00edses, como Belice, Guatemala, El Salvador, Honduras, Costa Rica, Panam\u00e1 (invitados de honor); Espa\u00f1a, Francia, Alemania, Reino Unido, Pa\u00edses Bajos, B\u00e9lgica, Yugoslavia, Corea, Taiw\u00e1n, Cuba, Puerto Rico, Hait\u00ed, Colombia, Chile, Per\u00fa, M\u00e9xico, Estados Unidos Argentina, San Mart\u00edn, Uruguay y Venezuela.<\/span><\/p>\n<\/p>\n<p><span class=\"text1noticias\">Durante los 18 d\u00edas de la feria, el p\u00fablico podr\u00e1 disfrutar de 1,350 actividades culturales, entre estas 315 conferencias, 18 coloquios y paneles, puestas en circulaci\u00f3n de nuevos t\u00edtulos, homenajes a destacados escritores, charlas, encuentros, talleres, exposiciones, gastronom\u00eda, artesan\u00eda, entre otras actividades.(AD).<\/span>&#8211; <\/p>\n<\/p>\n<h6> 2012-04-18 17:32:24 <\/h6>\n<p><!--\n<link rel=\"stylesheet\" href=\"css\/bootstrap.min.css\">\n\n\n<ul class=\"pagination\">\n\t    \n\t\n\n<li >\n\t<a href='?page_no=17571'>Previous<\/a>\n\t<\/li>\n\n\n       \n    \n\n<li><a href='?page_no=1'>1<\/a><\/li>\n\n\n\n<li><a href='?page_no=2'>2<\/a><\/li>\n\n\n\n<li><a>...<\/a><\/li>\n\n\n\n<li><a href='?page_no=17570'>17570<\/a><\/li>\n\n\n\n<li><a href='?page_no=17571'>17571<\/a><\/li>\n\n\n\n<li class='active'><a>17572<\/a><\/li>\n\n\n\n<li><a href='?page_no=17573'>17573<\/a><\/li>\n\n\n\n<li><a href='?page_no=17574'>17574<\/a><\/li>\n\n\n\n<li><a>...<\/a><\/li>\n\n\n\n<li><a href='?page_no=22911'>22911<\/a><\/li>\n\n\n\n<li><a href='?page_no=22912'>22912<\/a><\/li>\n\n    \n\t\n\n<li >\n\t<a href='?page_no=17573'>Next<\/a>\n\t<\/li>\n\n\n    \n\n<li><a href='?page_no=22912'>Last &rsaquo;&rsaquo;<\/a><\/li>\n\n<\/ul>\n\n\n--><br \/>\n<\/body><\/p>\n","protected":false},"excerpt":{"rendered":"<p>Santo Domingo RD 18 abril (1:28 pm).- El presidente Leonel Fern\u00e1ndez inaugura esta noche la XV Feria Internacional del Libro (FIL), Santo Domingo 2012, que tiene a Centroam\u00e9rica como invitada de honor y en la que participar\u00e1n 28 pa\u00edses y 425 expositores. La ceremonia inaugural del m\u00e1s importante evento cultural del pa\u00eds ser\u00e1 realizada en [&hellip;]<\/p>\n","protected":false},"author":3,"featured_media":0,"comment_status":"open","ping_status":"open","sticky":false,"template":"","format":"standard","meta":{"footnotes":""},"categories":[21],"tags":[],"class_list":["post-65894","post","type-post","status-publish","format-standard","hentry","category-cultura"],"_links":{"self":[{"href":"https:\/\/diariodominicano.com\/index.php?rest_route=\/wp\/v2\/posts\/65894","targetHints":{"allow":["GET"]}}],"collection":[{"href":"https:\/\/diariodominicano.com\/index.php?rest_route=\/wp\/v2\/posts"}],"about":[{"href":"https:\/\/diariodominicano.com\/index.php?rest_route=\/wp\/v2\/types\/post"}],"author":[{"embeddable":true,"href":"https:\/\/diariodominicano.com\/index.php?rest_route=\/wp\/v2\/users\/3"}],"replies":[{"embeddable":true,"href":"https:\/\/diariodominicano.com\/index.php?rest_route=%2Fwp%2Fv2%2Fcomments&post=65894"}],"version-history":[{"count":0,"href":"https:\/\/diariodominicano.com\/index.php?rest_route=\/wp\/v2\/posts\/65894\/revisions"}],"wp:attachment":[{"href":"https:\/\/diariodominicano.com\/index.php?rest_route=%2Fwp%2Fv2%2Fmedia&parent=65894"}],"wp:term":[{"taxonomy":"category","embeddable":true,"href":"https:\/\/diariodominicano.com\/index.php?rest_route=%2Fwp%2Fv2%2Fcategories&post=65894"},{"taxonomy":"post_tag","embeddable":true,"href":"https:\/\/diariodominicano.com\/index.php?rest_route=%2Fwp%2Fv2%2Ftags&post=65894"}],"curies":[{"name":"wp","href":"https:\/\/api.w.org\/{rel}","templated":true}]}}