{"id":65893,"date":"2012-04-18T19:57:27","date_gmt":"2012-04-18T19:57:27","guid":{"rendered":"http:\/\/diariodominicano.ddns.net\/?p=65893"},"modified":"2012-04-18T19:57:27","modified_gmt":"2012-04-18T19:57:27","slug":"colegio-americas-bicultural-school-anuncia-intercambio-con-institucion-canadiense","status":"publish","type":"post","link":"https:\/\/diariodominicano.com\/?p=65893","title":{"rendered":"&#13;Colegio Am\u00e9ricas Bicultural School anuncia intercambio con institucion canadiense&#13;"},"content":{"rendered":"<p><body><\/p>\n<p><img decoding=\"async\" src=\"img3\/intercambio cultural.JPG\" \/>  <\/p>\n<p><span class=\"text1noticias\">04:05 PM SANTO DOMINGO, RD 18 Abr 2012.-El Colegio The Americas Bicultural School anunci\u00f3 que a partir del pr\u00f3ximo a\u00f1o escolar sus alumnos y profesores de educaci\u00f3n media participar\u00e1n en un intercambio con la prestigiosa instituci\u00f3n educativa privada St. George&#8217;s de Montreal.<\/span><\/p>\n<\/p>\n<p><span class=\"text1noticias\">El intercambio consiste en que alumnos y profesores del ABC School viajaran a Montreal, los alumnos se integrar\u00e1n a recibir clases y los profesores a impartir docencia cumpliendo con los requisitos del curriculum y programas del St. George&#8217;s School de Montreal. Igualmente el St. George&#8217;s de Montreal enviar\u00e1 sus profesores y alumnos que de igual manera se integrar\u00e1n al  programa de dicha instituci\u00f3n.<\/span><\/p>\n<\/p>\n<p><span class=\"text1noticias\">Este proyecto busca que a trav\u00e9s de la integraci\u00f3n de los alumnos y profesores al sistema escolar de ambas instituciones se promueva el intercambio de conocimientos, experiencias y pr\u00e1cticas en el campo de la educaci\u00f3n.<\/span><\/p>\n<\/p>\n<p><span class=\"text1noticias\">Los alumnos y profesores del ABC y del St. George?s School de Montreal estar\u00e1n inmersos por un tiempo definido en la rutina escolar de dichas instituciones, durante el cual deber\u00e1n cumplir con el programa y las exigencias establecidas por las mismas.<\/span><\/p>\n<\/p>\n<p><span class=\"text1noticias\">Este acuerdo se llev\u00f3 a cabo en la ciudad de Montreal con la participaci\u00f3n de Claudia Defill\u00f3 de Bogaert, Directora del ABC School, Jim Officer y Nathalia Bos\u00e9 del St. George&#8217;s School, y Lynn Butler Kisber, Directora Centro de Liderazgo Educacional de McGill University.<\/span><\/p>\n<\/p>\n<p><span class=\"text1noticias\">Los alumnos seleccionados por sus altos \u00edndices acad\u00e9micos tendr\u00e1n la oportunidad de disfrutar de esta inolvidable experiencia.<\/span><\/p>\n<\/p>\n<p><strong><em><u><span class=\"text1noticias\">CG.<\/span><\/u><\/em><\/strong><\/p>\n<\/p>\n<h6> 2012-04-18 19:57:27 <\/h6>\n<p><!--\n<link rel=\"stylesheet\" href=\"css\/bootstrap.min.css\">\n\n\n<ul class=\"pagination\">\n\t    \n\t\n\n<li >\n\t<a href='?page_no=17570'>Previous<\/a>\n\t<\/li>\n\n\n       \n    \n\n<li><a href='?page_no=1'>1<\/a><\/li>\n\n\n\n<li><a href='?page_no=2'>2<\/a><\/li>\n\n\n\n<li><a>...<\/a><\/li>\n\n\n\n<li><a href='?page_no=17569'>17569<\/a><\/li>\n\n\n\n<li><a href='?page_no=17570'>17570<\/a><\/li>\n\n\n\n<li class='active'><a>17571<\/a><\/li>\n\n\n\n<li><a href='?page_no=17572'>17572<\/a><\/li>\n\n\n\n<li><a href='?page_no=17573'>17573<\/a><\/li>\n\n\n\n<li><a>...<\/a><\/li>\n\n\n\n<li><a href='?page_no=22911'>22911<\/a><\/li>\n\n\n\n<li><a href='?page_no=22912'>22912<\/a><\/li>\n\n    \n\t\n\n<li >\n\t<a href='?page_no=17572'>Next<\/a>\n\t<\/li>\n\n\n    \n\n<li><a href='?page_no=22912'>Last &rsaquo;&rsaquo;<\/a><\/li>\n\n<\/ul>\n\n\n--><br \/>\n<\/body><\/p>\n","protected":false},"excerpt":{"rendered":"<p>04:05 PM SANTO DOMINGO, RD 18 Abr 2012.-El Colegio The Americas Bicultural School anunci\u00f3 que a partir del pr\u00f3ximo a\u00f1o escolar sus alumnos y profesores de educaci\u00f3n media participar\u00e1n en un intercambio con la prestigiosa instituci\u00f3n educativa privada St. George&#8217;s de Montreal. El intercambio consiste en que alumnos y profesores del ABC School viajaran a [&hellip;]<\/p>\n","protected":false},"author":3,"featured_media":0,"comment_status":"open","ping_status":"open","sticky":false,"template":"","format":"standard","meta":{"footnotes":""},"categories":[21],"tags":[],"class_list":["post-65893","post","type-post","status-publish","format-standard","hentry","category-cultura"],"_links":{"self":[{"href":"https:\/\/diariodominicano.com\/index.php?rest_route=\/wp\/v2\/posts\/65893","targetHints":{"allow":["GET"]}}],"collection":[{"href":"https:\/\/diariodominicano.com\/index.php?rest_route=\/wp\/v2\/posts"}],"about":[{"href":"https:\/\/diariodominicano.com\/index.php?rest_route=\/wp\/v2\/types\/post"}],"author":[{"embeddable":true,"href":"https:\/\/diariodominicano.com\/index.php?rest_route=\/wp\/v2\/users\/3"}],"replies":[{"embeddable":true,"href":"https:\/\/diariodominicano.com\/index.php?rest_route=%2Fwp%2Fv2%2Fcomments&post=65893"}],"version-history":[{"count":0,"href":"https:\/\/diariodominicano.com\/index.php?rest_route=\/wp\/v2\/posts\/65893\/revisions"}],"wp:attachment":[{"href":"https:\/\/diariodominicano.com\/index.php?rest_route=%2Fwp%2Fv2%2Fmedia&parent=65893"}],"wp:term":[{"taxonomy":"category","embeddable":true,"href":"https:\/\/diariodominicano.com\/index.php?rest_route=%2Fwp%2Fv2%2Fcategories&post=65893"},{"taxonomy":"post_tag","embeddable":true,"href":"https:\/\/diariodominicano.com\/index.php?rest_route=%2Fwp%2Fv2%2Ftags&post=65893"}],"curies":[{"name":"wp","href":"https:\/\/api.w.org\/{rel}","templated":true}]}}