{"id":65892,"date":"2012-04-18T22:10:03","date_gmt":"2012-04-18T22:10:03","guid":{"rendered":"http:\/\/diariodominicano.ddns.net\/?p=65892"},"modified":"2012-04-18T22:10:03","modified_gmt":"2012-04-18T22:10:03","slug":"promulgacion-decreto-fortalece-al-inap","status":"publish","type":"post","link":"https:\/\/diariodominicano.com\/?p=65892","title":{"rendered":"Promulgaci\u00f3n decreto fortalece al INAP"},"content":{"rendered":"<p><body><\/p>\n<p><span class=\"text1noticias\">Rep.Dom. 18 de Abril 06:10 P.M.-El director general del Instituto Nacional de Administraci\u00f3n P\u00fablica, licenciado Oquendo Medina, dio a conocer el Decreto No. 179-12, promulgado por el Poder Ejecutivo, mediante el cual se crea el Consejo Acad\u00e9mico del INAP.<\/span><\/p>\n<\/p>\n<p><span class=\"text1noticias\">Expres\u00f3 el Lic. Medina que con ese Decreto el INAP no s\u00f3lo se fortalece, en t\u00e9rmino institucional, como \u00f3rgano coordinador de la formaci\u00f3n y capacitaci\u00f3n de los servidores p\u00fablicos, sino que adem\u00e1s cumple con lo establecido en la Ley 41-08 de Funci\u00f3n P\u00fablica.<\/span><\/p>\n<\/p>\n<p><span class=\"text1noticias\">Dijo que desde su llegada a esa instituci\u00f3n puso todo su empe\u00f1o para que se creara el Consejo Acad\u00e9mico, el cual estar\u00e1 integrado por el Ministerio de Administraci\u00f3n P\u00fablica (MAP), quien lo presidir\u00e1; el Ministerio de Hacienda, el de Educaci\u00f3n Superior Ciencia y Tecnolog\u00eda (MESCyT), el de Econom\u00eda, Planificaci\u00f3n y Desarrollo (MEPyD), el Instituto de Formaci\u00f3n T\u00e9cnico Profesional (INFOTEP), un representante de la Universidad Aut\u00f3noma de Santo Domingo (UASD), y por el director del INAP.(HG)<\/span>. <\/p>\n<\/p>\n<h6> 2012-04-18 22:10:03 <\/h6>\n<p><!--\n<link rel=\"stylesheet\" href=\"css\/bootstrap.min.css\">\n\n\n<ul class=\"pagination\">\n\t    \n\t\n\n<li >\n\t<a href='?page_no=17569'>Previous<\/a>\n\t<\/li>\n\n\n       \n    \n\n<li><a href='?page_no=1'>1<\/a><\/li>\n\n\n\n<li><a href='?page_no=2'>2<\/a><\/li>\n\n\n\n<li><a>...<\/a><\/li>\n\n\n\n<li><a href='?page_no=17568'>17568<\/a><\/li>\n\n\n\n<li><a href='?page_no=17569'>17569<\/a><\/li>\n\n\n\n<li class='active'><a>17570<\/a><\/li>\n\n\n\n<li><a href='?page_no=17571'>17571<\/a><\/li>\n\n\n\n<li><a href='?page_no=17572'>17572<\/a><\/li>\n\n\n\n<li><a>...<\/a><\/li>\n\n\n\n<li><a href='?page_no=22911'>22911<\/a><\/li>\n\n\n\n<li><a href='?page_no=22912'>22912<\/a><\/li>\n\n    \n\t\n\n<li >\n\t<a href='?page_no=17571'>Next<\/a>\n\t<\/li>\n\n\n    \n\n<li><a href='?page_no=22912'>Last &rsaquo;&rsaquo;<\/a><\/li>\n\n<\/ul>\n\n\n--><br \/>\n<\/body><\/p>\n","protected":false},"excerpt":{"rendered":"<p>Rep.Dom. 18 de Abril 06:10 P.M.-El director general del Instituto Nacional de Administraci\u00f3n P\u00fablica, licenciado Oquendo Medina, dio a conocer el Decreto No. 179-12, promulgado por el Poder Ejecutivo, mediante el cual se crea el Consejo Acad\u00e9mico del INAP. Expres\u00f3 el Lic. Medina que con ese Decreto el INAP no s\u00f3lo se fortalece, en t\u00e9rmino [&hellip;]<\/p>\n","protected":false},"author":3,"featured_media":0,"comment_status":"open","ping_status":"open","sticky":false,"template":"","format":"standard","meta":{"footnotes":""},"categories":[21],"tags":[],"class_list":["post-65892","post","type-post","status-publish","format-standard","hentry","category-cultura"],"_links":{"self":[{"href":"https:\/\/diariodominicano.com\/index.php?rest_route=\/wp\/v2\/posts\/65892","targetHints":{"allow":["GET"]}}],"collection":[{"href":"https:\/\/diariodominicano.com\/index.php?rest_route=\/wp\/v2\/posts"}],"about":[{"href":"https:\/\/diariodominicano.com\/index.php?rest_route=\/wp\/v2\/types\/post"}],"author":[{"embeddable":true,"href":"https:\/\/diariodominicano.com\/index.php?rest_route=\/wp\/v2\/users\/3"}],"replies":[{"embeddable":true,"href":"https:\/\/diariodominicano.com\/index.php?rest_route=%2Fwp%2Fv2%2Fcomments&post=65892"}],"version-history":[{"count":0,"href":"https:\/\/diariodominicano.com\/index.php?rest_route=\/wp\/v2\/posts\/65892\/revisions"}],"wp:attachment":[{"href":"https:\/\/diariodominicano.com\/index.php?rest_route=%2Fwp%2Fv2%2Fmedia&parent=65892"}],"wp:term":[{"taxonomy":"category","embeddable":true,"href":"https:\/\/diariodominicano.com\/index.php?rest_route=%2Fwp%2Fv2%2Fcategories&post=65892"},{"taxonomy":"post_tag","embeddable":true,"href":"https:\/\/diariodominicano.com\/index.php?rest_route=%2Fwp%2Fv2%2Ftags&post=65892"}],"curies":[{"name":"wp","href":"https:\/\/api.w.org\/{rel}","templated":true}]}}