{"id":65891,"date":"2012-04-18T22:14:40","date_gmt":"2012-04-18T22:14:40","guid":{"rendered":"http:\/\/diariodominicano.ddns.net\/?p=65891"},"modified":"2012-04-18T22:14:40","modified_gmt":"2012-04-18T22:14:40","slug":"conversatorio-oficina-senatorial-resalta-gesta-de-abril","status":"publish","type":"post","link":"https:\/\/diariodominicano.com\/?p=65891","title":{"rendered":"Conversatorio Oficina Senatorial Resalta Gesta de Abril"},"content":{"rendered":"<p><body><\/p>\n<p><span class=\"text1noticias\">Rep.Dom. 18 de Abril 06:15 P.M.-El tercer conversatorio Santiago  \u00abPensar para Proponer\u00bb que auspicia el Senador de la Provincia de Santiago, Julio C\u00e9sar Valent\u00edn, a trav\u00e9s de la Oficina Senatorial de Santiago resalt\u00f3 la importancia de la gloriosa Gesta de Abril de 1965, valor\u00e1ndola como una manifestaci\u00f3n democr\u00e1tica e importante para el desarrollo social y pol\u00edtico de la Rep\u00fablica Dominicana.  <\/span><\/p>\n<\/p>\n<p><span class=\"text1noticias\">La actividad tuvo lugar en el Auditorio del Centro Universitario Regional de Santiago CURSA-UASD.<\/span><\/p>\n<p><span class=\"text1noticias\"> <\/span><\/p>\n<p><span class=\"text1noticias\">Este tercer conversatorio cont\u00f3 con una conferencia magistral dictada por el destacado historiador dominicano, Juan Daniel Balc\u00e1cer, quien resalt\u00f3 que  la Revoluci\u00f3n y Guerra Patria de 1965, constituye uno de los acontecimientos hist\u00f3ricos de mayor trascendencia de la historia republicana equiparable en proyecci\u00f3n internacional al movimiento febrerista de 1844 y a la guerra restauradora de 1865.<\/span><\/p>\n<p><span class=\"text1noticias\"> <\/span><\/p>\n<p><span class=\"text1noticias\">\u00abLa revoluci\u00f3n de abril de 1965, vista a trav\u00e9s de una perspectiva historiogr\u00e1fica, emerge, a 47 a\u00f1os de distancia, como el movimiento pol\u00edtico, militar, social de mayor repercusi\u00f3n nacional e internacional en la segunda mitad del Siglo XX en la Rep\u00fablica Dominicana\u00bb,  dijo.<\/span><\/p>\n<p><span class=\"text1noticias\"> <\/span><\/p>\n<p><span class=\"text1noticias\">La presentaci\u00f3n del orador invitado estuvo a cargo del Senador de la Provincia de Santiago, Julio C\u00e9sar Valent\u00edn, quien destac\u00f3 las cualidades del expositor invitado, al tiempo de resaltar la importancia de la Gesta de Abril y la necesidad de que las nuevas generaciones conozcan esa historia reciente que da cuenta de la valent\u00eda del pueblo dominicano en defensa de los m\u00e1s genuinos valores patrios, su adhesi\u00f3n a la dominicanidad y a sus m\u00e1s aut\u00e9nticos ideales e intereses comunes.<\/span><\/p>\n<p><span class=\"text1noticias\"> <\/span><\/p>\n<p><span class=\"text1noticias\">Asimismo, expres\u00f3 que es misi\u00f3n de la Oficina Senatorial impulsar este g\u00e9nero de encuentros que propicien un escenario para el debate de diversos temas que conciernen a distintos aspectos de inter\u00e9s para la comunidad y la ciudadan\u00eda.<\/span><\/p>\n<p><span class=\"text1noticias\"> <\/span><\/p>\n<p><span class=\"text1noticias\">Los comentarios en torno a esta conferencia magistral estuvieron a cargo de la historiadora Mu-Kien Sang Ben y del polit\u00f3logo Flavio Dar\u00edo Espinal.  Las palabras de bienvenida fueron pronunciadas por Genaro Rodr\u00edguez, director del CURSA-UASD, quien agradeci\u00f3 que se escogiera ese centro para tan importante debate.  Los presentes tuvieron la oportunidad de realizar preguntas y convertir en di\u00e1logo este conversatorio.<\/span><\/p>\n<p><span class=\"text1noticias\"> <\/span><\/p>\n<p><span class=\"text1noticias\">PENSAR PARA PROPONER<\/span><\/p>\n<p><span class=\"text1noticias\"> <\/span><\/p>\n<p><span class=\"text1noticias\">Este es el tercer conversatorio que realiza la Oficina Senatorial de Santiago.  El primer conversatorio, con el nombre de \u00abMovimientos Sociales en la Rep\u00fablica Dominicana:  de la Protesta a las Nuevas Redes Sociales\u00bb, estuvo a cargo del propio Senador Valent\u00edn.  El segundo, tuvo como invitado a Monte Alejandro Rubido Garc\u00eda, con el tema \u00abDesaf\u00edo en la Lucha por la Seguridad Ciudadana:  El Caso de M\u00e9xico\u00bb.<\/span><\/p>\n<p><span class=\"text1noticias\"> <\/span><\/p>\n<p><span class=\"text1noticias\">El conversatorio tiene una frecuencia trimestral y es una iniciativa de la Oficina Senatorial de Santiago, en procura de promover la reflexi\u00f3n, el debate y el intercambio de ideas, a partir de disertaciones de reconocidos expertos a nivel nacional e internacional, con el fin de generar propuestas concretas de acciones que puedan ser asumidas por los diversos sectores sociales.<\/span><\/p>\n<p><span class=\"text1noticias\"> <\/span><\/p>\n<p><span class=\"text1noticias\">\u00abPensar para Proponer\u00bb  promueve la diversidad de enfoques y el esp\u00edritu cr\u00edtico, en un \u00e1mbito de discusi\u00f3n plural, que contribuye a originar un pensamiento propio, constructivo, creativo, dirigido a producir soluciones originales, propuestas urgentes, ideas nuevas y factibles, que respondan al momento actual.  Se trata de pensar cr\u00edticamente para promover acciones prioritarias.(HG)<\/span>. <\/p>\n<\/p>\n<h6> 2012-04-18 22:14:40 <\/h6>\n<p><!--\n<link rel=\"stylesheet\" href=\"css\/bootstrap.min.css\">\n\n\n<ul class=\"pagination\">\n\t    \n\t\n\n<li >\n\t<a href='?page_no=17568'>Previous<\/a>\n\t<\/li>\n\n\n       \n    \n\n<li><a href='?page_no=1'>1<\/a><\/li>\n\n\n\n<li><a href='?page_no=2'>2<\/a><\/li>\n\n\n\n<li><a>...<\/a><\/li>\n\n\n\n<li><a href='?page_no=17567'>17567<\/a><\/li>\n\n\n\n<li><a href='?page_no=17568'>17568<\/a><\/li>\n\n\n\n<li class='active'><a>17569<\/a><\/li>\n\n\n\n<li><a href='?page_no=17570'>17570<\/a><\/li>\n\n\n\n<li><a href='?page_no=17571'>17571<\/a><\/li>\n\n\n\n<li><a>...<\/a><\/li>\n\n\n\n<li><a href='?page_no=22911'>22911<\/a><\/li>\n\n\n\n<li><a href='?page_no=22912'>22912<\/a><\/li>\n\n    \n\t\n\n<li >\n\t<a href='?page_no=17570'>Next<\/a>\n\t<\/li>\n\n\n    \n\n<li><a href='?page_no=22912'>Last &rsaquo;&rsaquo;<\/a><\/li>\n\n<\/ul>\n\n\n--><br \/>\n<\/body><\/p>\n","protected":false},"excerpt":{"rendered":"<p>Rep.Dom. 18 de Abril 06:15 P.M.-El tercer conversatorio Santiago \u00abPensar para Proponer\u00bb que auspicia el Senador de la Provincia de Santiago, Julio C\u00e9sar Valent\u00edn, a trav\u00e9s de la Oficina Senatorial de Santiago resalt\u00f3 la importancia de la gloriosa Gesta de Abril de 1965, valor\u00e1ndola como una manifestaci\u00f3n democr\u00e1tica e importante para el desarrollo social y [&hellip;]<\/p>\n","protected":false},"author":3,"featured_media":0,"comment_status":"open","ping_status":"open","sticky":false,"template":"","format":"standard","meta":{"footnotes":""},"categories":[21],"tags":[],"class_list":["post-65891","post","type-post","status-publish","format-standard","hentry","category-cultura"],"_links":{"self":[{"href":"https:\/\/diariodominicano.com\/index.php?rest_route=\/wp\/v2\/posts\/65891","targetHints":{"allow":["GET"]}}],"collection":[{"href":"https:\/\/diariodominicano.com\/index.php?rest_route=\/wp\/v2\/posts"}],"about":[{"href":"https:\/\/diariodominicano.com\/index.php?rest_route=\/wp\/v2\/types\/post"}],"author":[{"embeddable":true,"href":"https:\/\/diariodominicano.com\/index.php?rest_route=\/wp\/v2\/users\/3"}],"replies":[{"embeddable":true,"href":"https:\/\/diariodominicano.com\/index.php?rest_route=%2Fwp%2Fv2%2Fcomments&post=65891"}],"version-history":[{"count":0,"href":"https:\/\/diariodominicano.com\/index.php?rest_route=\/wp\/v2\/posts\/65891\/revisions"}],"wp:attachment":[{"href":"https:\/\/diariodominicano.com\/index.php?rest_route=%2Fwp%2Fv2%2Fmedia&parent=65891"}],"wp:term":[{"taxonomy":"category","embeddable":true,"href":"https:\/\/diariodominicano.com\/index.php?rest_route=%2Fwp%2Fv2%2Fcategories&post=65891"},{"taxonomy":"post_tag","embeddable":true,"href":"https:\/\/diariodominicano.com\/index.php?rest_route=%2Fwp%2Fv2%2Ftags&post=65891"}],"curies":[{"name":"wp","href":"https:\/\/api.w.org\/{rel}","templated":true}]}}