{"id":65890,"date":"2012-04-18T22:27:22","date_gmt":"2012-04-18T22:27:22","guid":{"rendered":"http:\/\/diariodominicano.ddns.net\/?p=65890"},"modified":"2012-04-18T22:27:22","modified_gmt":"2012-04-18T22:27:22","slug":"juan-ramon-sobre-el-papel-un-espacio-para-la-poesia-y-las-artes-plasticas","status":"publish","type":"post","link":"https:\/\/diariodominicano.com\/?p=65890","title":{"rendered":"Juan Ram\u00f3n sobre el papel: Un Espacio para la poes\u00eda y las artes pl\u00e1sticas"},"content":{"rendered":"<p><body><\/p>\n<p><img decoding=\"async\" src=\"img3\/exposicion.JPG\" \/>  <\/p>\n<p><span class=\"text1noticias\">Rep.Dom. 18 de Abril 06:28 P.M.-La Embajada de Espa\u00f1a, en colaboraci\u00f3n con el Ministerio de Cultura, la Direcci\u00f3n de la XV Feria Internacional del Libro Santo Domingo 2012  y el Museo de Arte Moderno  inaugur\u00f3 la exposici\u00f3n colectiva \u00abJuan Ram\u00f3n sobre el papel\u00bb, en la primera planta del MAM.<\/span><\/p>\n<\/p>\n<p><span class=\"text1noticias\">El acto inaugural estuvo presidido por el Embajador de Espa\u00f1a, Jaume Segura; la Viceministra Lourdes Camilo de Cuello, en representaci\u00f3n del Ministro de Cultura, Jos\u00e9 Rafael Lantigua; el Viceministro y poeta, Mateo Morrison; la Directora del Museo de Arte Moderno, Mar\u00eda Elena Ditr\u00e9n;  y los Curadores de la Exposici\u00f3n, Roc\u00edo Galindo y Juan Bautista C\u00e1ceres, entre otras distinguidas personalidades.<\/span><\/p>\n<\/p>\n<p><span class=\"text1noticias\">La interesante muestra, que forma parte del ciclo pre-inaugural de la XV Feria Internacional del Libro Santo Domingo 2012, propone como elemento desencadenante el poema \u00abEspacio\u00bb del escritor espa\u00f1ol Juan Ram\u00f3n Jim\u00e9nez,  donde cada artista ha  seleccionado y vinculado varios versos como inspiraci\u00f3n de sus obras, cobrando las mismas un extraordinario sentido que convierte al poeta en una parte fundamental de la exposici\u00f3n.<\/span><\/p>\n<\/p>\n<p><span class=\"text1noticias\">Los curadores Roc\u00edo del Pilar Galindo Faraco, Manuel Jes\u00fas Galindo Faraco y Juan Bautista C\u00e1ceres Rodr\u00edguez se  han propuesto presentar el trabajo de autores emergentes junto a otros ya consolidados y en plena madurez creativa.<\/span><\/p>\n<\/p>\n<p><span class=\"text1noticias\">Unos veintid\u00f3s artistas pl\u00e1sticos procedentes de Brasil, Francia, Espa\u00f1a Argentina y Portugal interpretan al N\u00f3bel espa\u00f1ol, entre ellos, Agust\u00edn Juli\u00e1n, Alberto Rojas Maza,  Arturo  Cruzeiro Seixas,  Carmen  Oca\u00f1a, Clotilde  Ventoso  Vargas,  Federica Matta,  Francisco  Bella Gal\u00e1n, Garikoitz Cuevas Abeledo, Jes\u00fas Soler, Jorge Camacho,  Jos\u00e9 J. N\u00fa\u00f1ez  Romero, Juan Bautista C\u00e1ceres, Juan Carlos Castro  Crespo,  Juan G\u00f3mez  Mac\u00edas,  Juan Luis  Baroja  Collet, Juan  Medina, Pedro Rodr\u00edguez, Sergio Lima, Ullate,  V\u00edctor Chab, V\u00edctor Pulido, y  como proyecto abierto y vivo se incorpora a esta exposici\u00f3n el artista dominicano Elvis Avil\u00e9s.<\/span><\/p>\n<\/p>\n<p><span class=\"text1noticias\">La  exposici\u00f3n procedente de Espa\u00f1a comienza en la Rep\u00fablica Dominicana su itinerancia americana en el  Museo de Arte Moderno de Santo Domingo  y continuar\u00e1 en Brasil, Argentina, M\u00e9xico, Nicaragua, entre otros pa\u00edses, complementando su recorrido por diferentes Institutos Cervantes de Europa. <\/span><\/p>\n<p><span class=\"text1noticias\">Este evento cuenta con el patrocinio del Grupo Santillana, el Banco L\u00f3pez de Haro y la colaboraci\u00f3n de  la se\u00f1ora Maricusa Ornes.<\/span><\/p>\n<p><span class=\"text1noticias\">El Museo de Arte Moderno est\u00e1 localizado en la Av. Pedro Henr\u00edquez Ure\u00f1a, Plaza de la Cultura Juan Pablo Duarte, en horario de martes a domingos de 9:00 a.m. a  5:00 p.m.(HG)<\/span>.<\/p>\n<\/p>\n<h6> 2012-04-18 22:27:22 <\/h6>\n<p><!--\n<link rel=\"stylesheet\" href=\"css\/bootstrap.min.css\">\n\n\n<ul class=\"pagination\">\n\t    \n\t\n\n<li >\n\t<a href='?page_no=17567'>Previous<\/a>\n\t<\/li>\n\n\n       \n    \n\n<li><a href='?page_no=1'>1<\/a><\/li>\n\n\n\n<li><a href='?page_no=2'>2<\/a><\/li>\n\n\n\n<li><a>...<\/a><\/li>\n\n\n\n<li><a href='?page_no=17566'>17566<\/a><\/li>\n\n\n\n<li><a href='?page_no=17567'>17567<\/a><\/li>\n\n\n\n<li class='active'><a>17568<\/a><\/li>\n\n\n\n<li><a href='?page_no=17569'>17569<\/a><\/li>\n\n\n\n<li><a href='?page_no=17570'>17570<\/a><\/li>\n\n\n\n<li><a>...<\/a><\/li>\n\n\n\n<li><a href='?page_no=22911'>22911<\/a><\/li>\n\n\n\n<li><a href='?page_no=22912'>22912<\/a><\/li>\n\n    \n\t\n\n<li >\n\t<a href='?page_no=17569'>Next<\/a>\n\t<\/li>\n\n\n    \n\n<li><a href='?page_no=22912'>Last &rsaquo;&rsaquo;<\/a><\/li>\n\n<\/ul>\n\n\n--><br \/>\n<\/body><\/p>\n","protected":false},"excerpt":{"rendered":"<p>Rep.Dom. 18 de Abril 06:28 P.M.-La Embajada de Espa\u00f1a, en colaboraci\u00f3n con el Ministerio de Cultura, la Direcci\u00f3n de la XV Feria Internacional del Libro Santo Domingo 2012 y el Museo de Arte Moderno inaugur\u00f3 la exposici\u00f3n colectiva \u00abJuan Ram\u00f3n sobre el papel\u00bb, en la primera planta del MAM. El acto inaugural estuvo presidido por [&hellip;]<\/p>\n","protected":false},"author":3,"featured_media":0,"comment_status":"open","ping_status":"open","sticky":false,"template":"","format":"standard","meta":{"footnotes":""},"categories":[21],"tags":[],"class_list":["post-65890","post","type-post","status-publish","format-standard","hentry","category-cultura"],"_links":{"self":[{"href":"https:\/\/diariodominicano.com\/index.php?rest_route=\/wp\/v2\/posts\/65890","targetHints":{"allow":["GET"]}}],"collection":[{"href":"https:\/\/diariodominicano.com\/index.php?rest_route=\/wp\/v2\/posts"}],"about":[{"href":"https:\/\/diariodominicano.com\/index.php?rest_route=\/wp\/v2\/types\/post"}],"author":[{"embeddable":true,"href":"https:\/\/diariodominicano.com\/index.php?rest_route=\/wp\/v2\/users\/3"}],"replies":[{"embeddable":true,"href":"https:\/\/diariodominicano.com\/index.php?rest_route=%2Fwp%2Fv2%2Fcomments&post=65890"}],"version-history":[{"count":0,"href":"https:\/\/diariodominicano.com\/index.php?rest_route=\/wp\/v2\/posts\/65890\/revisions"}],"wp:attachment":[{"href":"https:\/\/diariodominicano.com\/index.php?rest_route=%2Fwp%2Fv2%2Fmedia&parent=65890"}],"wp:term":[{"taxonomy":"category","embeddable":true,"href":"https:\/\/diariodominicano.com\/index.php?rest_route=%2Fwp%2Fv2%2Fcategories&post=65890"},{"taxonomy":"post_tag","embeddable":true,"href":"https:\/\/diariodominicano.com\/index.php?rest_route=%2Fwp%2Fv2%2Ftags&post=65890"}],"curies":[{"name":"wp","href":"https:\/\/api.w.org\/{rel}","templated":true}]}}