{"id":65889,"date":"2012-04-19T07:19:33","date_gmt":"2012-04-19T07:19:33","guid":{"rendered":"http:\/\/diariodominicano.ddns.net\/?p=65889"},"modified":"2012-04-19T07:19:33","modified_gmt":"2012-04-19T07:19:33","slug":"presidente-fernandez-inaugura-la-xv-feria-internacional-del-libro-2012","status":"publish","type":"post","link":"https:\/\/diariodominicano.com\/?p=65889","title":{"rendered":"Presidente Fern\u00e1ndez inaugura   la  XV Feria Internacional del Libro 2012"},"content":{"rendered":"<p><body><\/p>\n<p><span class=\"text1noticias\">SANTO DOMINGO, Rep\u00fablica Dominicana, 18 de abril.- El presidente Leonel Fern\u00e1ndez dej\u00f3 inaugurada anoche la XV Feria Internacional del Libro Santo Domingo 2012, que tiene como invitado de honor los pa\u00edses centroamericanos. Est\u00e1 dedicada al poeta, periodista cultural y novelista Enriquillo S\u00e1nchez, y participar\u00e1n 63 escritores de 17 pa\u00edses.<\/span><\/p>\n<\/p>\n<p><span class=\"text1noticias\">En su XV edici\u00f3n, la Feria promete ser un espacio de atractivas ofertas editoriales, en la cual habr\u00e1n 425 expositores, 194 sellos editoriales internacionales, 16 de las cuales participan por primera vez; 1,350 actividades en el programa general, 89 nuevos libros, entre ellos 35 de los sellos editoriales del Ministerio de Cultura; 315 conferencias, 18 paneles y coloquios y 63 escritores de 17 pa\u00edses.<\/span><\/p>\n<\/p>\n<p><span class=\"text1noticias\">La sala Carlos Piantini, del Teatro Nacional Eduardo Brito, se visti\u00f3 de gala para acoger a las pl\u00e9yades de la literatura dominicana y extranjera.<\/span><\/p>\n<\/p>\n<p><span class=\"text1noticias\"> La mesa de honor fue encabezada por el presidente  Fern\u00e1ndez, la primera dama, Margarita Cede\u00f1o de Fern\u00e1ndez, el vicepresidente  Rafael Alburquerque y su esposa Marta de Alburquerque, el ministro de Cultura, Jos\u00e9 Rafael Lantigua, la secretaria general de la Coordinaci\u00f3n Educativa y Cultural Centroamericana del Sistema de Integraci\u00f3n Centroamericana (Sica), Mar\u00eda Eugenia Padilla, y la ministra de Educaci\u00f3n, Josefina Pimentel.<\/span><\/p>\n<\/p>\n<p><span class=\"text1noticias\">Durante la inauguraci\u00f3n fueron reconocidas diversas personalidades e instituciones, como monse\u00f1or Agripino N\u00fa\u00f1ez Collado, Ruth Herrera, los peri\u00f3dicos Diario Libre y El D\u00eda, y la cubana Olga Marta P\u00e9rez.<\/span><\/p>\n<\/p>\n<p><span class=\"text1noticias\">En su discurso inaugural, el ministro de Cultura, Jos\u00e9 Rafael Lantigua, detall\u00f3 los aportes realizados por la Feria del Libro, sobre todo en los \u00faltimos ocho a\u00f1os, como son la publicaci\u00f3n de 468 t\u00edtulos en todos los g\u00e9neros que favorecieron 396 autores. Lantigua describi\u00f3 dicha labor como \u00abla m\u00e1s grande empresa editorial que se haya llevado a cabo en la historia del pa\u00eds\u00bb.<\/span><\/p>\n<\/p>\n<p><span class=\"text1noticias\">Antes de  la apertura formal de la XV Feria Internacional del Libro Santo Domingo 2012, el vicepresidente de la Rep\u00fablica, Rafael Alburquerque, desveliz\u00f3 el retrato de Enriquillo S\u00e1nchez, una realizaci\u00f3n del destacado artista pl\u00e1stico Dustin Mu\u00f1oz. El retrato del vate dominicano, del cual se present\u00f3 una breve historia, est\u00e1 ubicado en el vest\u00edbulo del Teatro Nacional.<\/span><\/p>\n<\/p>\n<p><span class=\"text1noticias\">La feria internacional del Libro es el principal acontecimiento cultural del a\u00f1o en Rep\u00fablica Dominicana.<\/span><\/p>\n<\/p>\n<h6> 2012-04-19 07:19:33 <\/h6>\n<p><!--\n<link rel=\"stylesheet\" href=\"css\/bootstrap.min.css\">\n\n\n<ul class=\"pagination\">\n\t    \n\t\n\n<li >\n\t<a href='?page_no=17566'>Previous<\/a>\n\t<\/li>\n\n\n       \n    \n\n<li><a href='?page_no=1'>1<\/a><\/li>\n\n\n\n<li><a href='?page_no=2'>2<\/a><\/li>\n\n\n\n<li><a>...<\/a><\/li>\n\n\n\n<li><a href='?page_no=17565'>17565<\/a><\/li>\n\n\n\n<li><a href='?page_no=17566'>17566<\/a><\/li>\n\n\n\n<li class='active'><a>17567<\/a><\/li>\n\n\n\n<li><a href='?page_no=17568'>17568<\/a><\/li>\n\n\n\n<li><a href='?page_no=17569'>17569<\/a><\/li>\n\n\n\n<li><a>...<\/a><\/li>\n\n\n\n<li><a href='?page_no=22911'>22911<\/a><\/li>\n\n\n\n<li><a href='?page_no=22912'>22912<\/a><\/li>\n\n    \n\t\n\n<li >\n\t<a href='?page_no=17568'>Next<\/a>\n\t<\/li>\n\n\n    \n\n<li><a href='?page_no=22912'>Last &rsaquo;&rsaquo;<\/a><\/li>\n\n<\/ul>\n\n\n--><br \/>\n<\/body><\/p>\n","protected":false},"excerpt":{"rendered":"<p>SANTO DOMINGO, Rep\u00fablica Dominicana, 18 de abril.- El presidente Leonel Fern\u00e1ndez dej\u00f3 inaugurada anoche la XV Feria Internacional del Libro Santo Domingo 2012, que tiene como invitado de honor los pa\u00edses centroamericanos. Est\u00e1 dedicada al poeta, periodista cultural y novelista Enriquillo S\u00e1nchez, y participar\u00e1n 63 escritores de 17 pa\u00edses. En su XV edici\u00f3n, la Feria [&hellip;]<\/p>\n","protected":false},"author":3,"featured_media":0,"comment_status":"open","ping_status":"open","sticky":false,"template":"","format":"standard","meta":{"footnotes":""},"categories":[21],"tags":[],"class_list":["post-65889","post","type-post","status-publish","format-standard","hentry","category-cultura"],"_links":{"self":[{"href":"https:\/\/diariodominicano.com\/index.php?rest_route=\/wp\/v2\/posts\/65889","targetHints":{"allow":["GET"]}}],"collection":[{"href":"https:\/\/diariodominicano.com\/index.php?rest_route=\/wp\/v2\/posts"}],"about":[{"href":"https:\/\/diariodominicano.com\/index.php?rest_route=\/wp\/v2\/types\/post"}],"author":[{"embeddable":true,"href":"https:\/\/diariodominicano.com\/index.php?rest_route=\/wp\/v2\/users\/3"}],"replies":[{"embeddable":true,"href":"https:\/\/diariodominicano.com\/index.php?rest_route=%2Fwp%2Fv2%2Fcomments&post=65889"}],"version-history":[{"count":0,"href":"https:\/\/diariodominicano.com\/index.php?rest_route=\/wp\/v2\/posts\/65889\/revisions"}],"wp:attachment":[{"href":"https:\/\/diariodominicano.com\/index.php?rest_route=%2Fwp%2Fv2%2Fmedia&parent=65889"}],"wp:term":[{"taxonomy":"category","embeddable":true,"href":"https:\/\/diariodominicano.com\/index.php?rest_route=%2Fwp%2Fv2%2Fcategories&post=65889"},{"taxonomy":"post_tag","embeddable":true,"href":"https:\/\/diariodominicano.com\/index.php?rest_route=%2Fwp%2Fv2%2Ftags&post=65889"}],"curies":[{"name":"wp","href":"https:\/\/api.w.org\/{rel}","templated":true}]}}