{"id":65888,"date":"2012-04-19T15:38:54","date_gmt":"2012-04-19T15:38:54","guid":{"rendered":"http:\/\/diariodominicano.ddns.net\/?p=65888"},"modified":"2012-04-19T15:38:54","modified_gmt":"2012-04-19T15:38:54","slug":"funglode-y-ecuador-firman-acuerdo","status":"publish","type":"post","link":"https:\/\/diariodominicano.com\/?p=65888","title":{"rendered":"Funglode y Ecuador firman acuerdo"},"content":{"rendered":"<p><body><\/p>\n<p>Santo Domingo RD 19 abril (11:33 am).- La Fundaci\u00f3n Global y Desarrollo y la embajada de Ecuador firmaron un convenio para la difusi\u00f3n de la I Conferencia \u00abAlternativas de Desarrollo Sostenible\u00bb. <\/p>\n<\/p>\n<p>La conferencia se centrar\u00e1 en c\u00f3mo cambiar el paradigma social con \u00e9nfasis en la centralidad del ser humano y la naturaleza\u00bb y de la escuela de verano sobre \u00abel modelo de desarrollo del buen vivir de los ecuatorianos y las perspectiva de integraci\u00f3n latinoamericana\u00bb.<\/p>\n<\/p>\n<p>Dicho convenio fue firmado por el embajador de Ecuador en Rep\u00fablica Dominicana, Carlos L\u00f3pez Damm, y el director ejecutivo de Funglode, Marco Herrera. <\/p>\n<\/p>\n<p>En este documento, Funglode se compromete a promocionar entre la sociedad dominicana, la postulaci\u00f3n de candidatos a estos eventos, para los cuales el gobierno de Ecuador otorga becas para la escuela de verano, y la Fundaci\u00f3n Global, cubre el gasto del postulante dominicano seleccionado en la Conferencia Internacional.(AD).-<\/p>\n<\/p>\n<\/p>\n<h6> 2012-04-19 15:38:54 <\/h6>\n<p><!--\n<link rel=\"stylesheet\" href=\"css\/bootstrap.min.css\">\n\n\n<ul class=\"pagination\">\n\t    \n\t\n\n<li >\n\t<a href='?page_no=17565'>Previous<\/a>\n\t<\/li>\n\n\n       \n    \n\n<li><a href='?page_no=1'>1<\/a><\/li>\n\n\n\n<li><a href='?page_no=2'>2<\/a><\/li>\n\n\n\n<li><a>...<\/a><\/li>\n\n\n\n<li><a href='?page_no=17564'>17564<\/a><\/li>\n\n\n\n<li><a href='?page_no=17565'>17565<\/a><\/li>\n\n\n\n<li class='active'><a>17566<\/a><\/li>\n\n\n\n<li><a href='?page_no=17567'>17567<\/a><\/li>\n\n\n\n<li><a href='?page_no=17568'>17568<\/a><\/li>\n\n\n\n<li><a>...<\/a><\/li>\n\n\n\n<li><a href='?page_no=22911'>22911<\/a><\/li>\n\n\n\n<li><a href='?page_no=22912'>22912<\/a><\/li>\n\n    \n\t\n\n<li >\n\t<a href='?page_no=17567'>Next<\/a>\n\t<\/li>\n\n\n    \n\n<li><a href='?page_no=22912'>Last &rsaquo;&rsaquo;<\/a><\/li>\n\n<\/ul>\n\n\n--><br \/>\n<\/body><\/p>\n","protected":false},"excerpt":{"rendered":"<p>Santo Domingo RD 19 abril (11:33 am).- La Fundaci\u00f3n Global y Desarrollo y la embajada de Ecuador firmaron un convenio para la difusi\u00f3n de la I Conferencia \u00abAlternativas de Desarrollo Sostenible\u00bb. La conferencia se centrar\u00e1 en c\u00f3mo cambiar el paradigma social con \u00e9nfasis en la centralidad del ser humano y la naturaleza\u00bb y de la [&hellip;]<\/p>\n","protected":false},"author":3,"featured_media":0,"comment_status":"open","ping_status":"open","sticky":false,"template":"","format":"standard","meta":{"footnotes":""},"categories":[21],"tags":[],"class_list":["post-65888","post","type-post","status-publish","format-standard","hentry","category-cultura"],"_links":{"self":[{"href":"https:\/\/diariodominicano.com\/index.php?rest_route=\/wp\/v2\/posts\/65888","targetHints":{"allow":["GET"]}}],"collection":[{"href":"https:\/\/diariodominicano.com\/index.php?rest_route=\/wp\/v2\/posts"}],"about":[{"href":"https:\/\/diariodominicano.com\/index.php?rest_route=\/wp\/v2\/types\/post"}],"author":[{"embeddable":true,"href":"https:\/\/diariodominicano.com\/index.php?rest_route=\/wp\/v2\/users\/3"}],"replies":[{"embeddable":true,"href":"https:\/\/diariodominicano.com\/index.php?rest_route=%2Fwp%2Fv2%2Fcomments&post=65888"}],"version-history":[{"count":0,"href":"https:\/\/diariodominicano.com\/index.php?rest_route=\/wp\/v2\/posts\/65888\/revisions"}],"wp:attachment":[{"href":"https:\/\/diariodominicano.com\/index.php?rest_route=%2Fwp%2Fv2%2Fmedia&parent=65888"}],"wp:term":[{"taxonomy":"category","embeddable":true,"href":"https:\/\/diariodominicano.com\/index.php?rest_route=%2Fwp%2Fv2%2Fcategories&post=65888"},{"taxonomy":"post_tag","embeddable":true,"href":"https:\/\/diariodominicano.com\/index.php?rest_route=%2Fwp%2Fv2%2Ftags&post=65888"}],"curies":[{"name":"wp","href":"https:\/\/api.w.org\/{rel}","templated":true}]}}