{"id":65887,"date":"2012-04-19T20:18:12","date_gmt":"2012-04-19T20:18:12","guid":{"rendered":"http:\/\/diariodominicano.ddns.net\/?p=65887"},"modified":"2012-04-19T20:18:12","modified_gmt":"2012-04-19T20:18:12","slug":"mas-de-80-mil-visitas-a-muestra-de-fernando-botero-en-mexico","status":"publish","type":"post","link":"https:\/\/diariodominicano.com\/?p=65887","title":{"rendered":"M\u00e1s de 80 mil visitas a muestra de Fernando Botero en M\u00e9xico"},"content":{"rendered":"<p><body><\/p>\n<p><img decoding=\"async\" src=\"img3\/FERNANDO BOTERO EN MEXICO.jpg\" \/>  <\/p>\n<p><span class=\"text1noticias\">04:20 PM M\u00e9xico, 19 Abr 2012.-(PL) M\u00e1s de 80 mil personas visitaron hasta hoy la muestra Fernando Botero: Una celebraci\u00f3n, dedicada al afamado artista colombiano, abierta al p\u00fablico en el Palacio de Bellas Artes de esta capital hasta el 17 de junio.<\/span><\/p>\n<\/p>\n<p><span class=\"text1noticias\">Justo este 19 de abril el mundo festeja el cumplea\u00f1os 80 del artista latinoamericano vivo m\u00e1s reconocido y cotizado en la actualidad.<\/span><\/p>\n<\/p>\n<p><span class=\"text1noticias\">Botero, due\u00f1o de un particular estilo de volumen figurativo con siluetas desmesuradas y sensuales, ha logrado que personas de distintas generaciones y continentes reconozcan su obra ya inconfundible.<\/span><\/p>\n<\/p>\n<p><span class=\"text1noticias\">En M\u00e9xico la festividad comenz\u00f3 desde el pasado 30 de marzo, cuando el presidente Felipe Calder\u00f3n dej\u00f3 oficialmente inaugurada la exposici\u00f3n que incluye 177 piezas, entre pintura, dibujo y escultura, exhibidas en la explanada y al interior de Bellas Artes.<\/span><\/p>\n<\/p>\n<p><span class=\"text1noticias\">Es una de las exposiciones m\u00e1s completas a nivel internacional sobre la obra del pintor colombiano y recoge parte de la producci\u00f3n art\u00edstica del creador en los \u00faltimos 65 a\u00f1os, indic\u00f3 un comunicado de prensa de la Secretar\u00eda de Cultura.<\/span><\/p>\n<\/p>\n<p><span class=\"text1noticias\">\u00bfPor qu\u00e9 mi padre no pod\u00eda pintar flaco?, se preguntaba desde ni\u00f1a su hija Lina Botero, quien es la curadora de la muestra.<\/span><\/p>\n<\/p>\n<p><span class=\"text1noticias\">Quiz\u00e1 la respuesta est\u00e1 en una frase del pintor a prop\u00f3sito de una exhibici\u00f3n en la Marlborough Gallery de Nueva York en 1972: \u00abMi problema formal es crear sensualidad a trav\u00e9s de las formas\u00e2?? engordo a mis personajes para darles sensualidad. No estoy interesado en los gordos por los gordos\u00bb.<\/span><\/p>\n<\/p>\n<p><span class=\"text1noticias\">\u00abLas mujeres de Botero no son gordas, son espacio. No son glotonas de dulces y pasteles. Tienen hambre de espacio\u00bb, asegur\u00f3 el escritor Carlos Fuentes en el texto titulado Mujeres, incluido en el cat\u00e1logo.<\/span><\/p>\n<\/p>\n<p><span class=\"text1noticias\">Sin embargo, m\u00e1s all\u00e1 de su popularidad y \u00e9xito comercial, lo que ha caracterizado a Botero es \u00absu voluntad de mantenerse fiel a sus convicciones art\u00edsticas, sin importarle lo que piensen los dem\u00e1s\u00bb, dice Lina, su hija.<\/span><\/p>\n<\/p>\n<p><span class=\"text1noticias\">\u00abAmo la paleta, la pintura, los colores, los pinceles y el olor a trementina. Hago mis obras con mis propias manos. No saben los artistas de hoy en d\u00eda de lo que se pierden\u00bb, expres\u00f3 el pintor, nacido en Medell\u00edn, Colombia, en 1932.<\/span><\/p>\n<\/p>\n<p><span class=\"text1noticias\">M\u00e9xico fue el pa\u00eds que tuvo una influencia determinante en los a\u00f1os de formaci\u00f3n del artista y que vio nacer su estilo en 1956 cuando, en un parque del Distrito Federal, Botero (de entonces 24 a\u00f1os) dibuj\u00f3 una mandolina alterando sus proporciones.<\/span><\/p>\n<\/p>\n<p><span class=\"text1noticias\">Ahora los cientos y cientos de transe\u00fantes capitalinos aprovechan su paso por la explanada del Palacio de Bellas Artes para tomarse una foto al lado de las esculturas monumentales de esas hermosas mujeres de Botero.<\/span><\/p>\n<p><span class=\"text1noticias\"><strong><em><u>CG.<\/u><\/em><\/strong><\/span><\/p>\n<\/p>\n<h6> 2012-04-19 20:18:12 <\/h6>\n<p><!--\n<link rel=\"stylesheet\" href=\"css\/bootstrap.min.css\">\n\n\n<ul class=\"pagination\">\n\t    \n\t\n\n<li >\n\t<a href='?page_no=17564'>Previous<\/a>\n\t<\/li>\n\n\n       \n    \n\n<li><a href='?page_no=1'>1<\/a><\/li>\n\n\n\n<li><a href='?page_no=2'>2<\/a><\/li>\n\n\n\n<li><a>...<\/a><\/li>\n\n\n\n<li><a href='?page_no=17563'>17563<\/a><\/li>\n\n\n\n<li><a href='?page_no=17564'>17564<\/a><\/li>\n\n\n\n<li class='active'><a>17565<\/a><\/li>\n\n\n\n<li><a href='?page_no=17566'>17566<\/a><\/li>\n\n\n\n<li><a href='?page_no=17567'>17567<\/a><\/li>\n\n\n\n<li><a>...<\/a><\/li>\n\n\n\n<li><a href='?page_no=22911'>22911<\/a><\/li>\n\n\n\n<li><a href='?page_no=22912'>22912<\/a><\/li>\n\n    \n\t\n\n<li >\n\t<a href='?page_no=17566'>Next<\/a>\n\t<\/li>\n\n\n    \n\n<li><a href='?page_no=22912'>Last &rsaquo;&rsaquo;<\/a><\/li>\n\n<\/ul>\n\n\n--><br \/>\n<\/body><\/p>\n","protected":false},"excerpt":{"rendered":"<p>04:20 PM M\u00e9xico, 19 Abr 2012.-(PL) M\u00e1s de 80 mil personas visitaron hasta hoy la muestra Fernando Botero: Una celebraci\u00f3n, dedicada al afamado artista colombiano, abierta al p\u00fablico en el Palacio de Bellas Artes de esta capital hasta el 17 de junio. Justo este 19 de abril el mundo festeja el cumplea\u00f1os 80 del artista [&hellip;]<\/p>\n","protected":false},"author":3,"featured_media":0,"comment_status":"open","ping_status":"open","sticky":false,"template":"","format":"standard","meta":{"footnotes":""},"categories":[21],"tags":[],"class_list":["post-65887","post","type-post","status-publish","format-standard","hentry","category-cultura"],"_links":{"self":[{"href":"https:\/\/diariodominicano.com\/index.php?rest_route=\/wp\/v2\/posts\/65887","targetHints":{"allow":["GET"]}}],"collection":[{"href":"https:\/\/diariodominicano.com\/index.php?rest_route=\/wp\/v2\/posts"}],"about":[{"href":"https:\/\/diariodominicano.com\/index.php?rest_route=\/wp\/v2\/types\/post"}],"author":[{"embeddable":true,"href":"https:\/\/diariodominicano.com\/index.php?rest_route=\/wp\/v2\/users\/3"}],"replies":[{"embeddable":true,"href":"https:\/\/diariodominicano.com\/index.php?rest_route=%2Fwp%2Fv2%2Fcomments&post=65887"}],"version-history":[{"count":0,"href":"https:\/\/diariodominicano.com\/index.php?rest_route=\/wp\/v2\/posts\/65887\/revisions"}],"wp:attachment":[{"href":"https:\/\/diariodominicano.com\/index.php?rest_route=%2Fwp%2Fv2%2Fmedia&parent=65887"}],"wp:term":[{"taxonomy":"category","embeddable":true,"href":"https:\/\/diariodominicano.com\/index.php?rest_route=%2Fwp%2Fv2%2Fcategories&post=65887"},{"taxonomy":"post_tag","embeddable":true,"href":"https:\/\/diariodominicano.com\/index.php?rest_route=%2Fwp%2Fv2%2Ftags&post=65887"}],"curies":[{"name":"wp","href":"https:\/\/api.w.org\/{rel}","templated":true}]}}