{"id":65886,"date":"2012-04-19T20:23:56","date_gmt":"2012-04-19T20:23:56","guid":{"rendered":"http:\/\/diariodominicano.ddns.net\/?p=65886"},"modified":"2012-04-19T20:23:56","modified_gmt":"2012-04-19T20:23:56","slug":"la-habana-se-mueve-al-ritmo-de-la-danza","status":"publish","type":"post","link":"https:\/\/diariodominicano.com\/?p=65886","title":{"rendered":"&#13;&#13;La Habana se mueve al ritmo de la danza"},"content":{"rendered":"<p><body><\/p>\n<p><img decoding=\"async\" src=\"img3\/cultura cubana.jpg\" \/>  <\/p>\n<p><span class=\"text1noticias\">04:30 PM  La Habana 19 de Abr 2012.- (PL) El lenguaje universal de la danza llena hoy las calles, casas, plazas y patios del casco hist\u00f3rico de esta ciudad, sede del 17 Festival Internacional de Danzas en Paisajes Urbanos: Habana Vieja, Ciudad en Movimiento.<\/span><\/p>\n<\/p>\n<p><span class=\"text1noticias\">El encuentro, que abri\u00f3 sus puertas la v\u00edspera con el espect\u00e1culo Retazos en el tiempo, dirigido por la core\u00f3grafa chilena Isabel Bustos, directora general de la compa\u00f1\u00eda de danza Teatro Retazos, sesionar\u00e1 hasta el pr\u00f3ximo d\u00eda 22.<\/span><\/p>\n<\/p>\n<p><span class=\"text1noticias\">Habana Vieja: Ciudad en Movimiento es sobretodo un espect\u00e1culo art\u00edstico que pretende acercar e involucrar al espectador en una amalgama de manifestaciones art\u00edsticas inspiradas en la historia, arquitectura y dise\u00f1o de la parte m\u00e1s antigua de esta urbe.<\/span><\/p>\n<\/p>\n<p><span class=\"text1noticias\">El festival, que se realiza anualmente en el Centro Hist\u00f3rico habanero desde 1996, es organizado por la compa\u00f1\u00eda Danza Teatro Retazos, la Oficina del Historiador de la Ciudad, con el apoyo del Centro de Teatro de La Habana.<\/span><\/p>\n<\/p>\n<p><span class=\"text1noticias\">M\u00e1s de 30 agrupaciones extranjeras y core\u00f3grafos de 14 pa\u00edses de Europa y Am\u00e9rica, as\u00ed como 43 conjuntos cubanos procedentes de nueve provincias, participan en la cita.<\/span><\/p>\n<\/p>\n<p><span class=\"text1noticias\">El Encuentro Internacional de Danza en Paisajes Urbanos Habana Vieja: Ciudad en movimiento est\u00e1 incluido, desde 1999, en el circuito internacional Ciudades que danzan, red mundial creada en Barcelona, en 1992.<\/span><\/p>\n<\/p>\n<p><strong><em><u><span class=\"text1noticias\">CG.<\/span><\/u><\/em><\/strong><\/p>\n<\/p>\n<h6> 2012-04-19 20:23:56 <\/h6>\n<p><!--\n<link rel=\"stylesheet\" href=\"css\/bootstrap.min.css\">\n\n\n<ul class=\"pagination\">\n\t    \n\t\n\n<li >\n\t<a href='?page_no=17563'>Previous<\/a>\n\t<\/li>\n\n\n       \n    \n\n<li><a href='?page_no=1'>1<\/a><\/li>\n\n\n\n<li><a href='?page_no=2'>2<\/a><\/li>\n\n\n\n<li><a>...<\/a><\/li>\n\n\n\n<li><a href='?page_no=17562'>17562<\/a><\/li>\n\n\n\n<li><a href='?page_no=17563'>17563<\/a><\/li>\n\n\n\n<li class='active'><a>17564<\/a><\/li>\n\n\n\n<li><a href='?page_no=17565'>17565<\/a><\/li>\n\n\n\n<li><a href='?page_no=17566'>17566<\/a><\/li>\n\n\n\n<li><a>...<\/a><\/li>\n\n\n\n<li><a href='?page_no=22911'>22911<\/a><\/li>\n\n\n\n<li><a href='?page_no=22912'>22912<\/a><\/li>\n\n    \n\t\n\n<li >\n\t<a href='?page_no=17565'>Next<\/a>\n\t<\/li>\n\n\n    \n\n<li><a href='?page_no=22912'>Last &rsaquo;&rsaquo;<\/a><\/li>\n\n<\/ul>\n\n\n--><br \/>\n<\/body><\/p>\n","protected":false},"excerpt":{"rendered":"<p>04:30 PM La Habana 19 de Abr 2012.- (PL) El lenguaje universal de la danza llena hoy las calles, casas, plazas y patios del casco hist\u00f3rico de esta ciudad, sede del 17 Festival Internacional de Danzas en Paisajes Urbanos: Habana Vieja, Ciudad en Movimiento. El encuentro, que abri\u00f3 sus puertas la v\u00edspera con el espect\u00e1culo [&hellip;]<\/p>\n","protected":false},"author":3,"featured_media":0,"comment_status":"open","ping_status":"open","sticky":false,"template":"","format":"standard","meta":{"footnotes":""},"categories":[21],"tags":[],"class_list":["post-65886","post","type-post","status-publish","format-standard","hentry","category-cultura"],"_links":{"self":[{"href":"https:\/\/diariodominicano.com\/index.php?rest_route=\/wp\/v2\/posts\/65886","targetHints":{"allow":["GET"]}}],"collection":[{"href":"https:\/\/diariodominicano.com\/index.php?rest_route=\/wp\/v2\/posts"}],"about":[{"href":"https:\/\/diariodominicano.com\/index.php?rest_route=\/wp\/v2\/types\/post"}],"author":[{"embeddable":true,"href":"https:\/\/diariodominicano.com\/index.php?rest_route=\/wp\/v2\/users\/3"}],"replies":[{"embeddable":true,"href":"https:\/\/diariodominicano.com\/index.php?rest_route=%2Fwp%2Fv2%2Fcomments&post=65886"}],"version-history":[{"count":0,"href":"https:\/\/diariodominicano.com\/index.php?rest_route=\/wp\/v2\/posts\/65886\/revisions"}],"wp:attachment":[{"href":"https:\/\/diariodominicano.com\/index.php?rest_route=%2Fwp%2Fv2%2Fmedia&parent=65886"}],"wp:term":[{"taxonomy":"category","embeddable":true,"href":"https:\/\/diariodominicano.com\/index.php?rest_route=%2Fwp%2Fv2%2Fcategories&post=65886"},{"taxonomy":"post_tag","embeddable":true,"href":"https:\/\/diariodominicano.com\/index.php?rest_route=%2Fwp%2Fv2%2Ftags&post=65886"}],"curies":[{"name":"wp","href":"https:\/\/api.w.org\/{rel}","templated":true}]}}