{"id":658859,"date":"2026-01-06T16:54:44","date_gmt":"2026-01-06T20:54:44","guid":{"rendered":"https:\/\/diariodominicano.com\/?p=658859"},"modified":"2026-01-06T19:19:56","modified_gmt":"2026-01-06T23:19:56","slug":"celebran-en-argentina-el-dia-de-reyes-con-multiples-expresiones-de-alegria-infantil","status":"publish","type":"post","link":"https:\/\/diariodominicano.com\/?p=658859","title":{"rendered":"Celebran en Argentina el D\u00eda de Reyes con m\u00faltiples expresiones de alegr\u00eda infantil"},"content":{"rendered":"\n<p>diariodominicano.com<\/p>\n\n\n\n<p>BUENOS AIRES, 6 ene (Xinhua) &#8212; Los argentinos celebraron hoy martes el D\u00eda de Reyes con m\u00faltiples expresiones de alegr\u00eda a lo largo del pa\u00eds, dirigidas sobre todo a los menores del hogar con la presencia de los emblem\u00e1ticos personajes del imaginario colectivo, Melchor, Gaspar y Baltazar, que recorrieron calles en distintas ciudades del pa\u00eds para llevar regalos y esperanza a la poblaci\u00f3n infantil.<\/p>\n\n\n\n<p>Los Reyes Magos recorrieron calles de distintos barrios de la capital argentina como Almagro y Palermo, donde entregaron globos, mu\u00f1ecas y balones para sorpresa y alegr\u00eda de los m\u00e1s peque\u00f1os del hogar.<\/p>\n\n\n\n<p>Los tres personajes se hicieron tambi\u00e9n presentes en la sede de la Fundaci\u00f3n Natal\u00ed Dafne Flexer, organizaci\u00f3n que acompa\u00f1a a ni\u00f1os y j\u00f3venes con c\u00e1ncer, tato en Argentina como en Am\u00e9rica Latina, con la entrega de juguetes en su sede del barrio capitalino de Palermo.<\/p>\n\n\n\n<p>La Fundaci\u00f3n Natal\u00ed Dafne Flexer es una organizaci\u00f3n sin fines de lucro que desde 1994 acompa\u00f1a a ni\u00f1os y j\u00f3venes con c\u00e1ncer.<\/p>\n\n\n\n<p>Recorridos similares de los emblem\u00e1ticos Reyes Magos tuvieron lugar en otras ciudades argentinas como Bah\u00eda Blanca (centro), Mendoza (oeste) y Esteban Echeverr\u00eda (centro).<\/p>\n\n\n\n<p>La propia Casa de Gobierno public\u00f3 un mensaje en redes sociales que da cuenta de la importancia de la celebraci\u00f3n, sobre todo entre el mundo infantil.<\/p>\n\n\n\n<p>\u00abDesde Casa Rosada saludamos al pueblo argentino en este D\u00eda de Reyes, deseando que la ilusi\u00f3n, la felicidad y la prosperidad acompa\u00f1en cada hogar de nuestra Patria\u00bb, difundi\u00f3.<\/p>\n\n\n\n<p>La ciudad de Buenos Aires acogi\u00f3 la noche del lunes la presencia de los Reyes Magos en la calesita o carrusel de la Plaza Arist\u00f3bulo del Valle, en el barrio de Villa del Parque, en la zona noroeste de la capital argentina, donde la colectividad compuesta sobre todo por los m\u00e1s peque\u00f1os y sus familias celebr\u00f3 con aplausos, sonrisas y fotograf\u00edas.<\/p>\n\n\n\n<p>La iniciativa fue impulsada por el Ministerio de Desarrollo Econ\u00f3mico de Buenos Aires, al proponer este a\u00f1o unir sabores cl\u00e1sicos y espacios entra\u00f1ables como pizzer\u00edas, helader\u00edas, jugueter\u00edas y calesitas (carruseles) para recuperar tradiciones de la capital y acompa\u00f1ar as\u00ed al comercio de barrio.<\/p>\n\n\n\n<p>Los organizadores explicaron a Xinhua que aquellos que compraron pizzas, helados o juguetes en locales adheridos pudieron llevar a los ni\u00f1os a dar vueltas en las distintas calesitas de la ciudad desde el lunes y este martes.<\/p>\n\n\n\n<p>\u00abQueremos que el D\u00eda de Reyes sea una oportunidad para volver a encontrarnos en los barrios, acompa\u00f1ar a nuestros comerciantes y celebrar tradiciones que forman parte de la identidad porte\u00f1a\u00bb, se\u00f1al\u00f3 el ministro de Desarrollo Econ\u00f3mico de la capital, Hern\u00e1n Lombardi.<\/p>\n\n\n\n<p>Las calesitas, presentes en distintos barrios capitalinos, se convirtieron desde el lunes en puntos de encuentro para chicos y grandes con padres o madres que miraban a los ni\u00f1os sobre caballitos, en un marco de m\u00fasica animada.<\/p>\n\n\n\n<p>Esos espacios recibieron a cientos de ni\u00f1os, luego de que sus familias cumplieron una acci\u00f3n especial que favoreci\u00f3 el desarrollo de comercios locales, pues quienes compraron pizzas de tama\u00f1o grande, un juguete o un kilo de helado recibieron un vale para dar cuatro vueltas en una calesita.<\/p>\n\n\n\n<p>Las ventas de comercios minoristas por la llegada de los Reyes Magos crecieron este a\u00f1o 0,5 por ciento frente a la misma fecha de 2025, de acuerdo con datos difundidos por la Confederaci\u00f3n Argentina de la Mediana Empresa. Fin<a href=\"https:\/\/www.facebook.com\/sharer\/sharer.php?u=https:\/\/spanish.xinhuanet.com\/20260107\/00dfaa212bec4d59b575b7dbf70dd9f3\/c.html\" target=\"_blank\" rel=\"noreferrer noopener\"><\/a><\/p>\n","protected":false},"excerpt":{"rendered":"<p>diariodominicano.com BUENOS AIRES, 6 ene (Xinhua) &#8212; Los argentinos celebraron hoy martes el D\u00eda de Reyes con m\u00faltiples expresiones de alegr\u00eda a lo largo del pa\u00eds, dirigidas sobre todo a los menores del hogar con la presencia de los emblem\u00e1ticos personajes del imaginario colectivo, Melchor, Gaspar y Baltazar, que recorrieron calles en distintas ciudades del [&hellip;]<\/p>\n","protected":false},"author":5,"featured_media":658860,"comment_status":"closed","ping_status":"closed","sticky":false,"template":"","format":"standard","meta":{"footnotes":""},"categories":[23,27],"tags":[3419],"class_list":["post-658859","post","type-post","status-publish","format-standard","has-post-thumbnail","hentry","category-internacional","category-portada","tag-argentina"],"_links":{"self":[{"href":"https:\/\/diariodominicano.com\/index.php?rest_route=\/wp\/v2\/posts\/658859","targetHints":{"allow":["GET"]}}],"collection":[{"href":"https:\/\/diariodominicano.com\/index.php?rest_route=\/wp\/v2\/posts"}],"about":[{"href":"https:\/\/diariodominicano.com\/index.php?rest_route=\/wp\/v2\/types\/post"}],"author":[{"embeddable":true,"href":"https:\/\/diariodominicano.com\/index.php?rest_route=\/wp\/v2\/users\/5"}],"replies":[{"embeddable":true,"href":"https:\/\/diariodominicano.com\/index.php?rest_route=%2Fwp%2Fv2%2Fcomments&post=658859"}],"version-history":[{"count":2,"href":"https:\/\/diariodominicano.com\/index.php?rest_route=\/wp\/v2\/posts\/658859\/revisions"}],"predecessor-version":[{"id":658895,"href":"https:\/\/diariodominicano.com\/index.php?rest_route=\/wp\/v2\/posts\/658859\/revisions\/658895"}],"wp:featuredmedia":[{"embeddable":true,"href":"https:\/\/diariodominicano.com\/index.php?rest_route=\/wp\/v2\/media\/658860"}],"wp:attachment":[{"href":"https:\/\/diariodominicano.com\/index.php?rest_route=%2Fwp%2Fv2%2Fmedia&parent=658859"}],"wp:term":[{"taxonomy":"category","embeddable":true,"href":"https:\/\/diariodominicano.com\/index.php?rest_route=%2Fwp%2Fv2%2Fcategories&post=658859"},{"taxonomy":"post_tag","embeddable":true,"href":"https:\/\/diariodominicano.com\/index.php?rest_route=%2Fwp%2Fv2%2Ftags&post=658859"}],"curies":[{"name":"wp","href":"https:\/\/api.w.org\/{rel}","templated":true}]}}