{"id":65885,"date":"2012-04-19T20:43:38","date_gmt":"2012-04-19T20:43:38","guid":{"rendered":"http:\/\/diariodominicano.ddns.net\/?p=65885"},"modified":"2012-04-19T20:43:38","modified_gmt":"2012-04-19T20:43:38","slug":"dejan-inaugurado-el-pabellon-del-ministerio-de-cultura-en-la-feria-del-libro","status":"publish","type":"post","link":"https:\/\/diariodominicano.com\/?p=65885","title":{"rendered":"&#13;Dejan Inaugurado El Pabell\u00f3n del Ministerio de Cultura en La Feria del Libro&#13;"},"content":{"rendered":"<p><body><\/p>\n<p><img decoding=\"async\" src=\"img3\/FERIA 2012 CULTURA.JPG\" \/>  <\/p>\n<p><span class=\"text1noticias\">04:48 PM SANTO DOMINGO, RD, 19 Abr 2012.-En un acto encabezado por el Director General de la Feria Internacional del Libro, Alejandro Arvelo, el Director de la Editora Nacional, Le\u00f3n F\u00e9lix Batista y el Coordinador del Pabell\u00f3n, Luis Molina, fue inaugurado el pabell\u00f3n del Ministerio de Cultura en la XV Feria Internacional del Libro Santo Domingo 2012.<\/span><\/p>\n<\/p>\n<p><span class=\"text1noticias\">Durante su discurso, F\u00e9lix Batista resalt\u00f3 que este espacio hace \u00e9nfasis en el libro, el cual cuenta con un programa de publicaciones con m\u00e1s de 400 t\u00edtulos, para esta ocasi\u00f3n se pueden leer frases como: \u00ab8 a\u00f1os de creatividad, pasi\u00f3n\u00bb y gerencia y \u00abRumbo a las 500 publicaciones\u00bb.<\/span><\/p>\n<\/p>\n<p><span class=\"text1noticias\">Los visitantes que acudan a este espacio podr\u00e1n ver y leer los libros y revistas, de distintos g\u00e9neros, como: novela, cuento, poes\u00eda, literatura infantil, entre otros. <\/span><\/p>\n<\/p>\n<p><span class=\"text1noticias\"> Este a\u00f1o, el espacio tiene una novedad que es la pantalla t\u00e1ctil, en la cual, de manera digital, se pueden verificar las portadas de los libros que se han  publicado, y las actividades de las distintas dependencias. <\/span><\/p>\n<\/p>\n<p><span class=\"text1noticias\">\u00abCon esta designaci\u00f3n el MINC los acoge, y lo hace a trav\u00e9s de la exhibici\u00f3n de fotograf\u00edas de alguna de las actividades, de las distintas dependencias y  sobre todo con \u00e9nfasis en los libros, por celebrarse la XV Feria Internacional del libro\u00bb dijo F\u00e9lix Batista.<\/span><\/p>\n<\/p>\n<p><span class=\"text1noticias\">El pabell\u00f3n est\u00e1 coordinado por Luis Molina y Le\u00f3n F\u00e9lix Batista, y el mismo tiene  como prop\u00f3sito presentar al p\u00fablico asistente los libros editados por este Ministerio. Adem\u00e1s, de que el visitante tendr\u00e1 la oportunidad de apreciar los libros en f\u00edsico y a trav\u00e9s de varias pantallas, que permiten visualizar actividades y portadas de libros publicados.<\/span><\/p>\n<\/p>\n<p><span class=\"text1noticias\">Tambi\u00e9n, Alejandro Arvelo, en su breve discurso, destac\u00f3 la figura del escritor dominicano Max Henr\u00edquez Ure\u00f1a, de quien el MINC ha editado unos 28 vol\u00famenes. Dijo adem\u00e1s, que otro de los logros del MINC es que, para esta ocasi\u00f3n, fueron puestos en circulaci\u00f3n 35 obras de autores dominicanos.  <\/span><\/p>\n<p><span class=\"text1noticias\"> <\/span><\/p>\n<p><span class=\"text1noticias\"><strong><em><u>CG<\/u><\/em><\/strong>.<\/span><\/p>\n<\/p>\n<h6> 2012-04-19 20:43:38 <\/h6>\n<p><!--\n<link rel=\"stylesheet\" href=\"css\/bootstrap.min.css\">\n\n\n<ul class=\"pagination\">\n\t    \n\t\n\n<li >\n\t<a href='?page_no=17562'>Previous<\/a>\n\t<\/li>\n\n\n       \n    \n\n<li><a href='?page_no=1'>1<\/a><\/li>\n\n\n\n<li><a href='?page_no=2'>2<\/a><\/li>\n\n\n\n<li><a>...<\/a><\/li>\n\n\n\n<li><a href='?page_no=17561'>17561<\/a><\/li>\n\n\n\n<li><a href='?page_no=17562'>17562<\/a><\/li>\n\n\n\n<li class='active'><a>17563<\/a><\/li>\n\n\n\n<li><a href='?page_no=17564'>17564<\/a><\/li>\n\n\n\n<li><a href='?page_no=17565'>17565<\/a><\/li>\n\n\n\n<li><a>...<\/a><\/li>\n\n\n\n<li><a href='?page_no=22911'>22911<\/a><\/li>\n\n\n\n<li><a href='?page_no=22912'>22912<\/a><\/li>\n\n    \n\t\n\n<li >\n\t<a href='?page_no=17564'>Next<\/a>\n\t<\/li>\n\n\n    \n\n<li><a href='?page_no=22912'>Last &rsaquo;&rsaquo;<\/a><\/li>\n\n<\/ul>\n\n\n--><br \/>\n<\/body><\/p>\n","protected":false},"excerpt":{"rendered":"<p>04:48 PM SANTO DOMINGO, RD, 19 Abr 2012.-En un acto encabezado por el Director General de la Feria Internacional del Libro, Alejandro Arvelo, el Director de la Editora Nacional, Le\u00f3n F\u00e9lix Batista y el Coordinador del Pabell\u00f3n, Luis Molina, fue inaugurado el pabell\u00f3n del Ministerio de Cultura en la XV Feria Internacional del Libro Santo [&hellip;]<\/p>\n","protected":false},"author":3,"featured_media":0,"comment_status":"open","ping_status":"open","sticky":false,"template":"","format":"standard","meta":{"footnotes":""},"categories":[21],"tags":[],"class_list":["post-65885","post","type-post","status-publish","format-standard","hentry","category-cultura"],"_links":{"self":[{"href":"https:\/\/diariodominicano.com\/index.php?rest_route=\/wp\/v2\/posts\/65885","targetHints":{"allow":["GET"]}}],"collection":[{"href":"https:\/\/diariodominicano.com\/index.php?rest_route=\/wp\/v2\/posts"}],"about":[{"href":"https:\/\/diariodominicano.com\/index.php?rest_route=\/wp\/v2\/types\/post"}],"author":[{"embeddable":true,"href":"https:\/\/diariodominicano.com\/index.php?rest_route=\/wp\/v2\/users\/3"}],"replies":[{"embeddable":true,"href":"https:\/\/diariodominicano.com\/index.php?rest_route=%2Fwp%2Fv2%2Fcomments&post=65885"}],"version-history":[{"count":0,"href":"https:\/\/diariodominicano.com\/index.php?rest_route=\/wp\/v2\/posts\/65885\/revisions"}],"wp:attachment":[{"href":"https:\/\/diariodominicano.com\/index.php?rest_route=%2Fwp%2Fv2%2Fmedia&parent=65885"}],"wp:term":[{"taxonomy":"category","embeddable":true,"href":"https:\/\/diariodominicano.com\/index.php?rest_route=%2Fwp%2Fv2%2Fcategories&post=65885"},{"taxonomy":"post_tag","embeddable":true,"href":"https:\/\/diariodominicano.com\/index.php?rest_route=%2Fwp%2Fv2%2Ftags&post=65885"}],"curies":[{"name":"wp","href":"https:\/\/api.w.org\/{rel}","templated":true}]}}