{"id":65884,"date":"2012-04-19T21:15:39","date_gmt":"2012-04-19T21:15:39","guid":{"rendered":"http:\/\/diariodominicano.ddns.net\/?p=65884"},"modified":"2012-04-19T21:15:39","modified_gmt":"2012-04-19T21:15:39","slug":"taiwan-invita-a-visitar-su-stand-en-la-xv-feria-internacional-del-libro","status":"publish","type":"post","link":"https:\/\/diariodominicano.com\/?p=65884","title":{"rendered":"&#13;Taiw\u00e1n invita a visitar su stand en la XV Feria Internacional del Libro"},"content":{"rendered":"<p><body><\/p>\n<p><img decoding=\"async\" src=\"img3\/taiwan estand feria 2012.JPG\" \/>  <\/p>\n<p><span class=\"text1noticias\">05:18 PM SANTO DOMINGO, RD, 19 Abr 2012.-La Embajada de la Rep\u00fablica de China (Taiw\u00e1n) nueva vez se complace en participar en la XV Feria Internacional del Libro de Santo Domingo 2012 e invita a todas las personas que asistan a tan importante evento cultural visitar el stand dedicado a Taiw\u00e1n.<\/span><\/p>\n<\/p>\n<p><span class=\"text1noticias\">El stand ubicado en el lateral izquierdo del Teatro Nacional, en el cual est\u00e1n siendo exhibidos libros, revistas, folletos, afiches y documentales, relacionados con su cultura, pol\u00edtica, econom\u00eda, sociedad, medioambiente, recursos naturales, medicina, entre otros temas de inter\u00e9s. <\/span><\/p>\n<\/p>\n<p><span class=\"text1noticias\">Adem\u00e1s, podr\u00e1n disfrutar de una exposici\u00f3n de fotograf\u00edas aleg\u00f3ricas a los 100 de historia de la Rep\u00fablica de China desde su fundaci\u00f3n, as\u00ed como tambi\u00e9n una exhibici\u00f3n de muebles y artesan\u00edas de bamb\u00fa realizadas por estudiantes de la Misi\u00f3n T\u00e9cnica Agr\u00edcola de Taiw\u00e1n, ubicada en Juma, Bonao. <\/span><\/p>\n<p><span class=\"text1noticias\">Asimismo, la Fundaci\u00f3n Budista Tzu Chi de Taiw\u00e1n tendr\u00e1 una exposici\u00f3n de afiches relativos a las actividades realizadas durante el a\u00f1o 2011 y venta de productos Jing Si y art\u00edculos hechos con las botellas pl\u00e1sticas, as\u00ed como tambi\u00e9n ofrecer\u00e1n las siguientes charlas:<\/span><\/p>\n<\/p>\n<p><strong><em><u><span class=\"text1noticias\"> Protecci\u00f3n al medioambiente<\/span><\/u><\/em><\/strong><span class=\"text1noticias\"><span class=\"text1noticias\"><span class=\"text1noticias\">\t\t\t\t<\/span><\/span><\/span><\/p>\n<p><span class=\"text1noticias\">A cargo de: Rosa Chang <\/span><\/p>\n<p><span class=\"text1noticias\">Fecha: s\u00e1bado 28 de abril\t\t\t\t<\/span><\/p>\n<p><span class=\"text1noticias\"> Hora: 4:00 PM\t\t\t\t\t\t<\/span><\/p>\n<p><span class=\"text1noticias\"> Lugar: Bar Juan Lockward, Teatro Nacional. <\/span><\/p>\n<\/p>\n<p><strong><em><u><span class=\"text1noticias\">Asistencia Humanitaria<\/span><\/u><\/em><\/strong><\/p>\n<p><span class=\"text1noticias\">A cargo de Mariana Ju<\/span><\/p>\n<p><span class=\"text1noticias\">Fecha: s\u00e1bado 5 de mayo<\/span><\/p>\n<p><span class=\"text1noticias\">Hora: 4:00 PM\t\t<\/span><\/p>\n<p><span class=\"text1noticias\">Lugar: Bar Juan Lockward, Teatro Nacional. <\/span><\/p>\n<\/p>\n<p><span class=\"text1noticias\">Mientras que el viernes 20, a las 7 de la noche, ser\u00e1 inaugurado Waterhouse, nombre con el que ha sido bautizado el proyecto que contempla integrar todos los recursos de Bamb\u00fa existentes en la Republica Dominicana, gracias a un acuerdo entre la Misi\u00f3n de servicios Industriales de Taiw\u00e1n, el Ministerio de Medio Ambiente y Recursos Naturales y el Ministerio de Cultura.<\/span><\/p>\n<\/p>\n<p><strong><em><u><span class=\"text1noticias\">CG.<\/span><\/u><\/em><\/strong><\/p>\n<\/p>\n<h6> 2012-04-19 21:15:39 <\/h6>\n<p><!--\n<link rel=\"stylesheet\" href=\"css\/bootstrap.min.css\">\n\n\n<ul class=\"pagination\">\n\t    \n\t\n\n<li >\n\t<a href='?page_no=17561'>Previous<\/a>\n\t<\/li>\n\n\n       \n    \n\n<li><a href='?page_no=1'>1<\/a><\/li>\n\n\n\n<li><a href='?page_no=2'>2<\/a><\/li>\n\n\n\n<li><a>...<\/a><\/li>\n\n\n\n<li><a href='?page_no=17560'>17560<\/a><\/li>\n\n\n\n<li><a href='?page_no=17561'>17561<\/a><\/li>\n\n\n\n<li class='active'><a>17562<\/a><\/li>\n\n\n\n<li><a href='?page_no=17563'>17563<\/a><\/li>\n\n\n\n<li><a href='?page_no=17564'>17564<\/a><\/li>\n\n\n\n<li><a>...<\/a><\/li>\n\n\n\n<li><a href='?page_no=22911'>22911<\/a><\/li>\n\n\n\n<li><a href='?page_no=22912'>22912<\/a><\/li>\n\n    \n\t\n\n<li >\n\t<a href='?page_no=17563'>Next<\/a>\n\t<\/li>\n\n\n    \n\n<li><a href='?page_no=22912'>Last &rsaquo;&rsaquo;<\/a><\/li>\n\n<\/ul>\n\n\n--><br \/>\n<\/body><\/p>\n","protected":false},"excerpt":{"rendered":"<p>05:18 PM SANTO DOMINGO, RD, 19 Abr 2012.-La Embajada de la Rep\u00fablica de China (Taiw\u00e1n) nueva vez se complace en participar en la XV Feria Internacional del Libro de Santo Domingo 2012 e invita a todas las personas que asistan a tan importante evento cultural visitar el stand dedicado a Taiw\u00e1n. El stand ubicado en [&hellip;]<\/p>\n","protected":false},"author":3,"featured_media":0,"comment_status":"open","ping_status":"open","sticky":false,"template":"","format":"standard","meta":{"footnotes":""},"categories":[21],"tags":[],"class_list":["post-65884","post","type-post","status-publish","format-standard","hentry","category-cultura"],"_links":{"self":[{"href":"https:\/\/diariodominicano.com\/index.php?rest_route=\/wp\/v2\/posts\/65884","targetHints":{"allow":["GET"]}}],"collection":[{"href":"https:\/\/diariodominicano.com\/index.php?rest_route=\/wp\/v2\/posts"}],"about":[{"href":"https:\/\/diariodominicano.com\/index.php?rest_route=\/wp\/v2\/types\/post"}],"author":[{"embeddable":true,"href":"https:\/\/diariodominicano.com\/index.php?rest_route=\/wp\/v2\/users\/3"}],"replies":[{"embeddable":true,"href":"https:\/\/diariodominicano.com\/index.php?rest_route=%2Fwp%2Fv2%2Fcomments&post=65884"}],"version-history":[{"count":0,"href":"https:\/\/diariodominicano.com\/index.php?rest_route=\/wp\/v2\/posts\/65884\/revisions"}],"wp:attachment":[{"href":"https:\/\/diariodominicano.com\/index.php?rest_route=%2Fwp%2Fv2%2Fmedia&parent=65884"}],"wp:term":[{"taxonomy":"category","embeddable":true,"href":"https:\/\/diariodominicano.com\/index.php?rest_route=%2Fwp%2Fv2%2Fcategories&post=65884"},{"taxonomy":"post_tag","embeddable":true,"href":"https:\/\/diariodominicano.com\/index.php?rest_route=%2Fwp%2Fv2%2Ftags&post=65884"}],"curies":[{"name":"wp","href":"https:\/\/api.w.org\/{rel}","templated":true}]}}