{"id":658833,"date":"2026-01-06T15:11:51","date_gmt":"2026-01-06T19:11:51","guid":{"rendered":"https:\/\/diariodominicano.com\/?p=658833"},"modified":"2026-01-06T23:44:51","modified_gmt":"2026-01-07T03:44:51","slug":"inabie-supera-los-1000-millones-de-raciones-alimenticias-y-brinda-atencion-en-salud-a-mas-de-311000-estudiantes-en-2025","status":"publish","type":"post","link":"https:\/\/diariodominicano.com\/?p=658833","title":{"rendered":"INABIE reporta supera los 1,000 millones de raciones alimenticias y brinda atenci\u00f3n en salud a m\u00e1s de 311,000 estudiantes en 2025"},"content":{"rendered":"\n<p>diariodominicano.com<\/p>\n\n\n\n<p>Santo Domingo, 6 de enero, 2025.\u2013 El Instituto Nacional de Bienestar Estudiantil\u00a0<strong>(INABIE)<\/strong>\u00a0inform\u00f3 consolid\u00f3 en 2025 su\u00a0<strong>impacto social<\/strong>\u00a0al superar por segundo a\u00f1o consecutivo, los\u00a0<strong>1,000 millones de raciones alimenticia<\/strong>s servidas a trav\u00e9s del Programa de Alimentaci\u00f3n Escolar\u00a0<strong>(PAE)<\/strong>\u00a0y brindar\u00a0<strong>atenciones de salud a m\u00e1s de 311,000 estudiantes<\/strong>\u00a0<strong>del sistema educativo p\u00fablico<\/strong>, fortaleciendo su\u00a0<strong>bienestar integral<\/strong>\u00a0y favoreciendo la\u00a0<strong>permanencia escolar<\/strong>.<\/p>\n\n\n\n<p>Esas y otras acciones permitieron reducir significativamente el gasto de miles de familias en&nbsp;<strong>alimentaci\u00f3n, consultas y tratamientos m\u00e9dicos,<\/strong>&nbsp;adem\u00e1s de que contribuyeron con el cumplimiento del&nbsp;<strong>objetivo de Hambre Cero<\/strong>, impactando de manera directa a m\u00e1s de 2.1 millones de beneficiarios, entre estudiantes, docentes y personal administrativo, y dando apoyo a&nbsp;<strong>m\u00e1s de 7,000 centros educativos p\u00fablicos<\/strong>&nbsp;del pa\u00eds.<\/p>\n\n\n\n<p>Como parte de su respaldo al proceso educativo, el INABIE entreg\u00f3&nbsp;<strong>\u00fatiles escolares<\/strong>&nbsp;a estudiantes del sector p\u00fablico que cursan el&nbsp;<strong>a\u00f1o lectivo 2025-2026<\/strong>&nbsp;y utilizan la indumentaria establecida por el Ministerio de Educaci\u00f3n&nbsp;<strong>(Minerd)<\/strong>.<\/p>\n\n\n\n<p>El director ejecutivo del INABIE,&nbsp;<strong>Adolfo P\u00e9rez<\/strong>, destac\u00f3 que estos resultados responden a una l\u00ednea de pol\u00edticas p\u00fablicas orientadas a fortalecer la&nbsp;<strong>inversi\u00f3n social en educaci\u00f3n y bienestar estudiantil<\/strong>, impulsadas desde el Gobierno dominicano.<\/p>\n\n\n\n<p><em>\u201cEl presidente Luis Abinader ha priorizado la inversi\u00f3n social con transparencia y enfoque en resultados, y desde el INABIE trabajamos para que esas directrices se traduzcan en bienestar concreto para los estudiantes y sus familias\u201d,<\/em>expres\u00f3.<\/p>\n\n\n\n<p>Como parte de su enfoque de atenci\u00f3n integral, el INABIE puso en funcionamiento el&nbsp;<strong>Servicio de Salud Psicol\u00f3gica<\/strong>, dirigido a estudiantes del sistema p\u00fablico con necesidades de orientaci\u00f3n identificadas a trav\u00e9s de otros de sus programas m\u00e9dicos.<\/p>\n\n\n\n<p>Desde el \u00e1rea de&nbsp;<strong>Nutrici\u00f3n<\/strong>, la instituci\u00f3n realiz\u00f3&nbsp;<strong>m\u00e1s de 3,407 jornadas de Educaci\u00f3n Alimentaria Nutricional (EAN),<\/strong>&nbsp;beneficiando a&nbsp;<strong>143,535 estudiantes<\/strong>, con el objetivo de fomentar h\u00e1bitos alimenticios saludables dentro de la comunidad educativa.<\/p>\n\n\n\n<p>Mediante el&nbsp;<strong>Programa de Salud Bucal<\/strong>, m\u00e1s de&nbsp;<strong>37,600 estudiantes<\/strong>&nbsp;fueron atendidos durante 2025 a trav\u00e9s de&nbsp;<strong>14 jornadas provinciales<\/strong>&nbsp;y en los<strong>&nbsp;59 m\u00f3dulos odontol\u00f3gicos<\/strong>&nbsp;instalados a nivel nacional, incluyendo 10 nuevos incorporados ese mismo a\u00f1o.<\/p>\n\n\n\n<p>A trav\u00e9s del&nbsp;<strong>Programa de Salud Auditiva<\/strong>, el INABIE brind\u00f3 atenci\u00f3n a&nbsp;<strong>5,664 escolares en 17 jornadas<\/strong>, logrando adem\u00e1s la colocaci\u00f3n de&nbsp;<strong>407 auxiliares auditivos<\/strong>&nbsp;para estudiantes con discapacidad auditiva.<\/p>\n\n\n\n<p>En tanto, el&nbsp;<strong>Programa de Salud Visual<\/strong>&nbsp;benefici\u00f3 a m\u00e1s de&nbsp;<strong>124,204 estudiantes<\/strong>, de los cuales&nbsp;<strong>7,026 recibieron lentes oftalmol\u00f3gicos gratuitos<\/strong>, mientras que 18 fueron sometidos a&nbsp;<strong>cirug\u00edas oculares<\/strong>&nbsp;especializadas mediante el Programa Nacional de Prevenci\u00f3n en Salud Visual y Cirug\u00edas Oculares&nbsp;<strong>(Pronsavico)<\/strong>, en coordinaci\u00f3n con centros m\u00e9dicos privados.<\/p>\n\n\n\n<p>Asimismo, el INABIE realiz\u00f3&nbsp;<strong>tamizajes visuales<\/strong>&nbsp;a 111,804 estudiantes, de los cuales 12,400 fueron evaluados por opt\u00f3metras y oftalm\u00f3logos, y llev\u00f3 a cabo junto al Ministerio de Salud P\u00fablica la&nbsp;<strong>Jornada Nacional de Desparasitaci\u00f3n 2025<\/strong>, que impact\u00f3 a m\u00e1s de 1.9 mill\u00f3n de estudiantes.<\/p>\n\n\n\n<p>Durante el a\u00f1o 2025, la instituci\u00f3n firm\u00f3 un acuerdo con la&nbsp;<strong>Organizaci\u00f3n de las Naciones Unidas para la Alimentaci\u00f3n y la Agricultura (FAO)&nbsp;<\/strong>para la ejecuci\u00f3n de la segunda etapa del&nbsp;<strong>proyecto \u201cEscuelas Saludables y Sostenibles\u201d,<\/strong>&nbsp;orientado al fortalecimiento del Programa de Alimentaci\u00f3n Escolar (PAE).<\/p>\n\n\n\n<p>Este proyecto contempla la instalaci\u00f3n de&nbsp;<strong>huertos escolares y Sistemas de Captaci\u00f3n y Aprovechamiento de Agua de Lluvia (SCALL),<\/strong>&nbsp;promoviendo el uso responsable del agua y su v\u00ednculo con la salud, la nutrici\u00f3n y el medioambiente. Como parte de esta iniciativa, fueron puestos en funcionamiento&nbsp;<strong>seis huertos escolares en la provincia San Juan.<\/strong><\/p>\n\n\n\n<p>En materia de&nbsp;<strong>control y calidad<\/strong>, el INABIE realiz\u00f3&nbsp;<strong>m\u00e1s de 6,600 inspecciones a cocinas, panader\u00edas y procesadoras de l\u00e1cteos<\/strong>&nbsp;durante el a\u00f1o, para garantizar la&nbsp;<strong>inocuidad y calidad<\/strong>&nbsp;de los alimentos servidos en los centros educativos.<\/p>\n\n\n\n<p><a href=\"https:\/\/presidencia.gob.do\/taxonomy\/term\/99\">INABIE<\/a><\/p>\n","protected":false},"excerpt":{"rendered":"<p>diariodominicano.com Santo Domingo, 6 de enero, 2025.\u2013 El Instituto Nacional de Bienestar Estudiantil\u00a0(INABIE)\u00a0inform\u00f3 consolid\u00f3 en 2025 su\u00a0impacto social\u00a0al superar por segundo a\u00f1o consecutivo, los\u00a01,000 millones de raciones alimenticias servidas a trav\u00e9s del Programa de Alimentaci\u00f3n Escolar\u00a0(PAE)\u00a0y brindar\u00a0atenciones de salud a m\u00e1s de 311,000 estudiantes\u00a0del sistema educativo p\u00fablico, fortaleciendo su\u00a0bienestar integral\u00a0y favoreciendo la\u00a0permanencia escolar. Esas y [&hellip;]<\/p>\n","protected":false},"author":5,"featured_media":658834,"comment_status":"closed","ping_status":"closed","sticky":false,"template":"","format":"standard","meta":{"footnotes":""},"categories":[20,27],"tags":[2544],"class_list":["post-658833","post","type-post","status-publish","format-standard","has-post-thumbnail","hentry","category-dominicana-hoy","category-portada","tag-inabie"],"_links":{"self":[{"href":"https:\/\/diariodominicano.com\/index.php?rest_route=\/wp\/v2\/posts\/658833","targetHints":{"allow":["GET"]}}],"collection":[{"href":"https:\/\/diariodominicano.com\/index.php?rest_route=\/wp\/v2\/posts"}],"about":[{"href":"https:\/\/diariodominicano.com\/index.php?rest_route=\/wp\/v2\/types\/post"}],"author":[{"embeddable":true,"href":"https:\/\/diariodominicano.com\/index.php?rest_route=\/wp\/v2\/users\/5"}],"replies":[{"embeddable":true,"href":"https:\/\/diariodominicano.com\/index.php?rest_route=%2Fwp%2Fv2%2Fcomments&post=658833"}],"version-history":[{"count":2,"href":"https:\/\/diariodominicano.com\/index.php?rest_route=\/wp\/v2\/posts\/658833\/revisions"}],"predecessor-version":[{"id":658950,"href":"https:\/\/diariodominicano.com\/index.php?rest_route=\/wp\/v2\/posts\/658833\/revisions\/658950"}],"wp:featuredmedia":[{"embeddable":true,"href":"https:\/\/diariodominicano.com\/index.php?rest_route=\/wp\/v2\/media\/658834"}],"wp:attachment":[{"href":"https:\/\/diariodominicano.com\/index.php?rest_route=%2Fwp%2Fv2%2Fmedia&parent=658833"}],"wp:term":[{"taxonomy":"category","embeddable":true,"href":"https:\/\/diariodominicano.com\/index.php?rest_route=%2Fwp%2Fv2%2Fcategories&post=658833"},{"taxonomy":"post_tag","embeddable":true,"href":"https:\/\/diariodominicano.com\/index.php?rest_route=%2Fwp%2Fv2%2Ftags&post=658833"}],"curies":[{"name":"wp","href":"https:\/\/api.w.org\/{rel}","templated":true}]}}