{"id":65883,"date":"2012-04-19T21:28:46","date_gmt":"2012-04-19T21:28:46","guid":{"rendered":"http:\/\/diariodominicano.ddns.net\/?p=65883"},"modified":"2012-04-19T21:28:46","modified_gmt":"2012-04-19T21:28:46","slug":"uasd-y-archivo-general-de-la-nacion-publican-obra-de-roberto-cassa","status":"publish","type":"post","link":"https:\/\/diariodominicano.com\/?p=65883","title":{"rendered":"UASD y Archivo General de la Naci\u00f3n publican obra de Roberto Cass\u00e1,"},"content":{"rendered":"<p><body><\/p>\n<p><img decoding=\"async\" src=\"img3\/libro roberto casa.JPG\" \/>  <\/p>\n<p><span class=\"text1noticias\">05:30 PM SANTO DOMINGO, RD, 19 Abr 2012.-La Universidad Aut\u00f3noma de Santo Domingo (UASD), a trav\u00e9s de la Facultad de Humanidades, public\u00f3 la obra \u00abViva el Rey y muera el mal Gobierno\u00bb, del doctor Roberto Cass\u00e1, durante un acto encabezado por el rector de la academia, maestro Mateo Aquino Febrillet.<\/span><\/p>\n<\/p>\n<p><span class=\"text1noticias\">Aquino Febrillet, al decir las palabras centrales, consider\u00f3 que se trata de un libro fuera de serie, poco com\u00fan, el cual versa sobre un tema que de por s\u00ed llama la atenci\u00f3n del lector.<\/span><\/p>\n<\/p>\n<p><span class=\"text1noticias\">Agreg\u00f3 que esta publicaci\u00f3n es el resultado de un proyecto de investigaci\u00f3n del cual es parte integrante la Primada de Am\u00e9rica.   <\/span><\/p>\n<\/p>\n<p><span class=\"text1noticias\">\u00abPor supuesto, esta obra no se refiere al momento actual de nuestro pa\u00eds, sino que constituye una radiograf\u00eda de la colonia, una colectividad humana que mucho despu\u00e9s luchar\u00eda a fuego y sangre y se convertir\u00eda en una de las rep\u00fablicas hispanoamericanas surgidas en el Siglo IXX.\u00bb, puntualiz\u00f3 el ejecutivo, al tiempo de a\u00f1adir que el libro  recoge una herencia de tr\u00e1fico de mercanc\u00eda que a\u00fan existe en el pa\u00eds. <\/span><\/p>\n<\/p>\n<p><span class=\"text1noticias\">Precis\u00f3 que, sin embargo, el libro llega a las manos y a los ojos del lector en un momento en que la sociedad dominicana, bajo los rigores de una campa\u00f1a electoral r\u00edspida, tiene todos sus sentidos expuestos a las motivaciones pol\u00edticas y electoreras.<\/span><\/p>\n<\/p>\n<p><span class=\"text1noticias\">En la actividad intervinieron adem\u00e1s, el decano de la Facultad de Humanidades, doctor Rafael Morla; el doctor Raymundo Gonz\u00e1lez, quien hizo la presentaci\u00f3n de la obra y el autor y director del Archivo General de la Naci\u00f3n, doctor Cass\u00e1, que dijo las palabras de agradecimiento.<\/span><\/p>\n<\/p>\n<p><strong><em><u><span class=\"text1noticias\">Sobre la obra<\/span><\/u><\/em><\/strong><\/p>\n<\/p>\n<p><span class=\"text1noticias\">La obra  \u00abViva el Rey y muera el mal Gobierno\u00bb trata sobre un periodo pr\u00e1cticamente desconocido de la historia colonial, en la que aborda el movimiento rebelde escenificado en Santiago de los Caballeros, en los a\u00f1os 1718 y 1723, frente al monopolio comercial de Espa\u00f1a que imped\u00eda negociar con las potencias de entonces, Francia, Inglaterra y Holanda.<\/span><\/p>\n<\/p>\n<p><span class=\"text1noticias\">El autor Cass\u00e1 explica en la publicaci\u00f3n que el protagonismo de la acci\u00f3n recay\u00f3 en los capitanes de cuatro compa\u00f1\u00edas de la ciudad que operaron como aglutinadores del descontento de la poblaci\u00f3n, lo que origin\u00f3 el nombre  del libro.<\/span><\/p>\n<\/p>\n<p><span class=\"text1noticias\">Los hechos que suscitaron pusieron en estado de agitaci\u00f3n social a esa ciudad santiaguera y su entorno, poni\u00e9ndola  en ebullici\u00f3n a pesar de su escaso n\u00famero de habitantes, indica el autor que las autoridades fueron confrontadas y desafiadas por los pobladores que protestaron contra los abusos y el mal gobierno del siglo 18.  <\/span><\/p>\n<\/p>\n<p><span class=\"text1noticias\">Asimismo, la obra de 514 p\u00e1ginas recrea la vida social, pol\u00edtica, econ\u00f3mica y cultural de la \u00e9poca  de la ciudad de Santiago.<\/span><\/p>\n<\/p>\n<p><span class=\"text1noticias\">El evento se llev\u00f3 a cabo en el Archivo General de la Naci\u00f3n, con la asistencia de los miembros de la Academia de Historia de la Rep\u00fablica Dominicana, as\u00ed como acad\u00e9micos y la profesora merit\u00edsima, Carmen Dur\u00e1n, entre otros.  <\/span><\/p>\n<\/p>\n<p><strong><em><u><span class=\"text1noticias\">CG.<\/span><\/u><\/em><\/strong><\/p>\n<\/p>\n<h6> 2012-04-19 21:28:46 <\/h6>\n<p><!--\n<link rel=\"stylesheet\" href=\"css\/bootstrap.min.css\">\n\n\n<ul class=\"pagination\">\n\t    \n\t\n\n<li >\n\t<a href='?page_no=17560'>Previous<\/a>\n\t<\/li>\n\n\n       \n    \n\n<li><a href='?page_no=1'>1<\/a><\/li>\n\n\n\n<li><a href='?page_no=2'>2<\/a><\/li>\n\n\n\n<li><a>...<\/a><\/li>\n\n\n\n<li><a href='?page_no=17559'>17559<\/a><\/li>\n\n\n\n<li><a href='?page_no=17560'>17560<\/a><\/li>\n\n\n\n<li class='active'><a>17561<\/a><\/li>\n\n\n\n<li><a href='?page_no=17562'>17562<\/a><\/li>\n\n\n\n<li><a href='?page_no=17563'>17563<\/a><\/li>\n\n\n\n<li><a>...<\/a><\/li>\n\n\n\n<li><a href='?page_no=22911'>22911<\/a><\/li>\n\n\n\n<li><a href='?page_no=22912'>22912<\/a><\/li>\n\n    \n\t\n\n<li >\n\t<a href='?page_no=17562'>Next<\/a>\n\t<\/li>\n\n\n    \n\n<li><a href='?page_no=22912'>Last &rsaquo;&rsaquo;<\/a><\/li>\n\n<\/ul>\n\n\n--><br \/>\n<\/body><\/p>\n","protected":false},"excerpt":{"rendered":"<p>05:30 PM SANTO DOMINGO, RD, 19 Abr 2012.-La Universidad Aut\u00f3noma de Santo Domingo (UASD), a trav\u00e9s de la Facultad de Humanidades, public\u00f3 la obra \u00abViva el Rey y muera el mal Gobierno\u00bb, del doctor Roberto Cass\u00e1, durante un acto encabezado por el rector de la academia, maestro Mateo Aquino Febrillet. Aquino Febrillet, al decir las [&hellip;]<\/p>\n","protected":false},"author":3,"featured_media":0,"comment_status":"open","ping_status":"open","sticky":false,"template":"","format":"standard","meta":{"footnotes":""},"categories":[21],"tags":[],"class_list":["post-65883","post","type-post","status-publish","format-standard","hentry","category-cultura"],"_links":{"self":[{"href":"https:\/\/diariodominicano.com\/index.php?rest_route=\/wp\/v2\/posts\/65883","targetHints":{"allow":["GET"]}}],"collection":[{"href":"https:\/\/diariodominicano.com\/index.php?rest_route=\/wp\/v2\/posts"}],"about":[{"href":"https:\/\/diariodominicano.com\/index.php?rest_route=\/wp\/v2\/types\/post"}],"author":[{"embeddable":true,"href":"https:\/\/diariodominicano.com\/index.php?rest_route=\/wp\/v2\/users\/3"}],"replies":[{"embeddable":true,"href":"https:\/\/diariodominicano.com\/index.php?rest_route=%2Fwp%2Fv2%2Fcomments&post=65883"}],"version-history":[{"count":0,"href":"https:\/\/diariodominicano.com\/index.php?rest_route=\/wp\/v2\/posts\/65883\/revisions"}],"wp:attachment":[{"href":"https:\/\/diariodominicano.com\/index.php?rest_route=%2Fwp%2Fv2%2Fmedia&parent=65883"}],"wp:term":[{"taxonomy":"category","embeddable":true,"href":"https:\/\/diariodominicano.com\/index.php?rest_route=%2Fwp%2Fv2%2Fcategories&post=65883"},{"taxonomy":"post_tag","embeddable":true,"href":"https:\/\/diariodominicano.com\/index.php?rest_route=%2Fwp%2Fv2%2Ftags&post=65883"}],"curies":[{"name":"wp","href":"https:\/\/api.w.org\/{rel}","templated":true}]}}