{"id":658826,"date":"2026-01-06T15:01:38","date_gmt":"2026-01-06T19:01:38","guid":{"rendered":"https:\/\/diariodominicano.com\/?p=658826"},"modified":"2026-01-06T15:01:45","modified_gmt":"2026-01-06T19:01:45","slug":"el-nuevo-ano-y-los-desafios-de-la-migracion-en-america-latina","status":"publish","type":"post","link":"https:\/\/diariodominicano.com\/?p=658826","title":{"rendered":"El Nuevo A\u00f1o y los Desaf\u00edos de la Migraci\u00f3n en Am\u00e9rica Latina\u00a0"},"content":{"rendered":"\n<p><strong>Por: Luis Fern\u00e1ndez&nbsp;<\/strong><\/p>\n\n\n\n<p>La migraci\u00f3n en Am\u00e9rica Latina se ha convertido en uno de los principales desaf\u00edos estructurales de la regi\u00f3n, que debe garantizar que la migraci\u00f3n ocurra de forma segura, ordenada y regular, un paso fundamentar, para que las personas en movilidad tengan acceso a derechos y servicios, proceso que debe contemplar pol\u00edticas de inclusi\u00f3n sostenibles&nbsp; que faciliten la integraci\u00f3n social y econ\u00f3mica de las personas migrantes.&nbsp;<\/p>\n\n\n\n<p>La regi\u00f3n enfrenta una presi\u00f3n creciente sobre los sistemas de salud, educaci\u00f3n, empleo y vivienda, en varios pa\u00edses, a lo que debemos sumar el aumento de las rutas migratorias peligrosas, lo que implica graves riesgos humanitarios, la expansi\u00f3n de redes criminales y el factor determinante del cambio clim\u00e1tico, en nuevos desplazamientos particularmente en Centroam\u00e9rica y el Caribe.<\/p>\n\n\n\n<p>El fen\u00f3meno migratorio ha continuado en aumento impulsado fundamentalmente por profundas desigualdades sociales, crisis econ\u00f3micas, inestabilidad pol\u00edtica, violencia y cambio clim\u00e1tico, lo que est\u00e1 impactando de manera directa a los pa\u00edses de origen, tr\u00e1nsito y destino, poniendo a prueba su capacidad institucional, su cohesi\u00f3n social y sus mecanismos de protecci\u00f3n de los derechos humanos.<\/p>\n\n\n\n<p>Entre las principales debilidades de la regi\u00f3n est\u00e1 la coordinaci\u00f3n regional, la falta de financiamiento sostenido y la voluntad pol\u00edtica, factores que han limitado las respuestas conjuntas, oportunas y efectivas, lo que hace necesario que se fortalezca la cooperaci\u00f3n regional y los mecanismos multilaterales, lo que es fundamental para la estabilidad pol\u00edtica, social y econ\u00f3mica de la regi\u00f3n.<\/p>\n\n\n\n<p>La seguridad fronteriza, los grandes flujos migratorios irregulares y los riesgos humanos de las peligrosas rutas migratorias, frontera M\u00e9xico y los Estados Unidos, Tap\u00f3n del Dari\u00e9n y algunas rutas mar\u00edtimas del Caribe, han provocado centenares de fallecidos y desaparecidos durante el a\u00f1o 2025, lo que obliga a definir las prioridades, las pol\u00edticas de gesti\u00f3n migratoria y protecci\u00f3n de derechos.<\/p>\n\n\n\n<p>La migraci\u00f3n en Am\u00e9rica Latina no es solo un asunto humanitario, ni de medidas restrictivas que no siempre reducen los riesgos, sino que empujan a los migrantes a rutas m\u00e1s peligrosas y a ser v\u00edctimas m\u00e1s f\u00e1ciles de las criminales redes de trata y tr\u00e1fico de personas, estas acciones no eliminan la migraci\u00f3n irregular, sino que la transforman en m\u00e1s costosa, aumento del riesgo de muerte y m\u00e1s desigual.<\/p>\n\n\n\n<p>Am\u00e9rica Latina y el Caribe como regi\u00f3n altamente expuesta, vulnerable y fuertemente impactada por el cambio clim\u00e1tico, los desastres y la degradaci\u00f3n ambiental, que provocan el desplazamiento de millones de personas en condiciones de alta vulnerabilidad en la regi\u00f3n, principalmente en Centroam\u00e9rica y el caribe y parte de Sudam\u00e9rica, hacen necesario integrar el cambio clim\u00e1tico en las pol\u00edticas migratorias.<\/p>\n\n\n\n<p>El cambio clim\u00e1tico no es solo crisis ambiental, sino tambi\u00e9n crisis humana y migratoria, que sin una pol\u00edtica clara de protecci\u00f3n seguir\u00e1 provocando el desplazamiento de personas en condiciones de una alta vulnerabilidad, por lo que abordar esta situaci\u00f3n, demanda la cooperaci\u00f3n regional, justicia clim\u00e1tica y respuestas centradas en las personas que se desplazan de sus pa\u00edses y cruzan fronteras en busca de seguridad y subsistencia.<\/p>\n\n\n\n<p>Otro reto a enfrentar este 2026 por la regi\u00f3n es el aumento de los discursos nacionalistas y anti inmigrantes, que en muchos casos terminan en discursos de odio y xen\u00f3fobos, lo que alimenta la discriminaci\u00f3n y dificulta la integraci\u00f3n sostenible de las comunidades migrantes, lo que es un elemento clave para evitar las tensiones internas y la inestabilidad pol\u00edtica, social y econ\u00f3mica de la regi\u00f3n.<\/p>\n\n\n\n<p>Los desaf\u00edos del complejo fen\u00f3meno de la migraci\u00f3n en estos tiempos, exigen una respuesta multilateral que promueva la corresponsabilidad de los estados, ya que pr\u00e1cticamente todos los pa\u00edses de Am\u00e9rica Latina y el caribe son parte de los ciclos migratorios, ya sea como pa\u00edses de origen, tr\u00e1nsito, destino o retorno, lo que requiere una gobernanza migratoria sustentada en derechos humanos.<\/p>\n\n\n\n<p>Am\u00e9rica Latina y el Caribe enfrentan muchos retos migratorios en este 2026, como la necesidad de una gobernanza m\u00e1s fuerte, la falta de recursos, la urgencia de pol\u00edticas inclusivas frente a la inestabilidad, el clima, la falta de oportunidades, priorizando una mayor cooperaci\u00f3n regional e internacional, para asegurar derechos y v\u00edas seguras y normales de desplazamiento.<\/p>\n\n\n\n<p>El nuevo a\u00f1o con relaci\u00f3n a los pa\u00edses Latinoamericanos presenta serios desaf\u00edos, con relaci\u00f3n al tema migratorio, que debe ser gestionado de manera humana y ordenada, mediante pol\u00edticas integrales, cooperaci\u00f3n internacional real y un enfoque centrado en la dignidad humana, de modo que se reduzcan los riesgos, se proteja la vida y la migraci\u00f3n se transforme en un factor de desarrollo y estabilidad social.<\/p>\n\n\n\n<p><strong>Luis Fern\u00e1ndez, Pol\u00edtico, escritor y comunicador<\/strong><\/p>\n\n\n\n<p>Luis Fern\u00e1ndez <a href=\"mailto:luismfernandezv@gmail.com\">luismfernandezv@gmail.com<\/a>&nbsp;<\/p>\n","protected":false},"excerpt":{"rendered":"<p>Por: Luis Fern\u00e1ndez&nbsp; La migraci\u00f3n en Am\u00e9rica Latina se ha convertido en uno de los principales desaf\u00edos estructurales de la regi\u00f3n, que debe garantizar que la migraci\u00f3n ocurra de forma segura, ordenada y regular, un paso fundamentar, para que las personas en movilidad tengan acceso a derechos y servicios, proceso que debe contemplar pol\u00edticas de [&hellip;]<\/p>\n","protected":false},"author":7,"featured_media":598241,"comment_status":"closed","ping_status":"closed","sticky":false,"template":"","format":"standard","meta":{"footnotes":""},"categories":[16,27],"tags":[1786],"class_list":["post-658826","post","type-post","status-publish","format-standard","has-post-thumbnail","hentry","category-opiniones","category-portada","tag-luis-fernandez"],"_links":{"self":[{"href":"https:\/\/diariodominicano.com\/index.php?rest_route=\/wp\/v2\/posts\/658826","targetHints":{"allow":["GET"]}}],"collection":[{"href":"https:\/\/diariodominicano.com\/index.php?rest_route=\/wp\/v2\/posts"}],"about":[{"href":"https:\/\/diariodominicano.com\/index.php?rest_route=\/wp\/v2\/types\/post"}],"author":[{"embeddable":true,"href":"https:\/\/diariodominicano.com\/index.php?rest_route=\/wp\/v2\/users\/7"}],"replies":[{"embeddable":true,"href":"https:\/\/diariodominicano.com\/index.php?rest_route=%2Fwp%2Fv2%2Fcomments&post=658826"}],"version-history":[{"count":1,"href":"https:\/\/diariodominicano.com\/index.php?rest_route=\/wp\/v2\/posts\/658826\/revisions"}],"predecessor-version":[{"id":658832,"href":"https:\/\/diariodominicano.com\/index.php?rest_route=\/wp\/v2\/posts\/658826\/revisions\/658832"}],"wp:featuredmedia":[{"embeddable":true,"href":"https:\/\/diariodominicano.com\/index.php?rest_route=\/wp\/v2\/media\/598241"}],"wp:attachment":[{"href":"https:\/\/diariodominicano.com\/index.php?rest_route=%2Fwp%2Fv2%2Fmedia&parent=658826"}],"wp:term":[{"taxonomy":"category","embeddable":true,"href":"https:\/\/diariodominicano.com\/index.php?rest_route=%2Fwp%2Fv2%2Fcategories&post=658826"},{"taxonomy":"post_tag","embeddable":true,"href":"https:\/\/diariodominicano.com\/index.php?rest_route=%2Fwp%2Fv2%2Ftags&post=658826"}],"curies":[{"name":"wp","href":"https:\/\/api.w.org\/{rel}","templated":true}]}}