{"id":65882,"date":"2012-04-20T00:03:47","date_gmt":"2012-04-20T00:03:47","guid":{"rendered":"http:\/\/diariodominicano.ddns.net\/?p=65882"},"modified":"2012-04-20T00:03:47","modified_gmt":"2012-04-20T00:03:47","slug":"uasd-inaugura-su-stand-en-la-feria-internacional-del-libro","status":"publish","type":"post","link":"https:\/\/diariodominicano.com\/?p=65882","title":{"rendered":"UASD inaugura su Stand en la Feria Internacional del Libro"},"content":{"rendered":"<p><body><\/p>\n<p><img decoding=\"async\" src=\"http:\/\/localhost:8080\/img3\/uasd.JPG\" \/>  <\/p>\n<p><span class=\"text1noticias\">Rep.Dom. 19 de Abril 08:07 P.M.-El rector de la Universidad Aut\u00f3noma de Santo Domingo, junto a un nutrido grupo de funcionarios de la academia, encabez\u00f3 este jueves la inauguraci\u00f3n del Stand de la UASD en la XV Feria Internacional de Libro 2012, dedicada al poeta Enriquillo S\u00e1nchez y en honor a Centroam\u00e9rica.<\/span><\/p>\n<\/p>\n<p><span class=\"text1noticias\">El maestro Mateo Aquino Febrillet, al pronunciar las palabras centrales del acto  y previo al corte de la cinta que dej\u00f3 inaugurada la caseta del centro acad\u00e9mico, ubicada frente a la puerta Sur de la Plaza de la Cultura, con acceso por la avenida C\u00e9sar Nicol\u00e1s Penson, adelant\u00f3 que durante el discurrir de la Feria la Primada de Am\u00e9rica presentar\u00e1 unas 135 actividades, de \u00edndole acad\u00e9mica y cultural.<\/span><\/p>\n<\/p>\n<p><span class=\"text1noticias\">Agreg\u00f3 que la casa de altos estudios pondr\u00e1 a circular durante la fiesta de la cultura unos 25 t\u00edtulos de obras publicadas por la UASD.<\/span><\/p>\n<\/p>\n<p><span class=\"text1noticias\">Dijo que dentro de esas actividades se cuenta el desvelizamiento del busto de Augusto C\u00e9sar Sandino, h\u00e9roe nacional de Nicaragua y m\u00e1xima expresi\u00f3n de la nacionalidad de ese pa\u00eds.<\/span><\/p>\n<\/p>\n<p><span class=\"text1noticias\">Acot\u00f3 que en el marco de la D\u00e9cimoquinta versi\u00f3n de la Feria del Libro, recibir\u00e1n reconocimientos figuras estrechamente vinculadas a la Universidad estatal, como Wilfredo Lozano, Roberto Cass\u00e1 y Rafael Peralta Romero.<\/span><\/p>\n<\/p>\n<p><span class=\"text1noticias\">Mientras, el vicerrector de Extensi\u00f3n, maestro Francisco Terrero Galarza, quien dirigi\u00f3 el equipo que tuvo a su cargo la construcci\u00f3n, dise\u00f1o y montaje del stand, dijo que en ese espacio est\u00e1n representadas todas las unidades de la UASD, adem\u00e1s de su simbolog\u00eda.<\/span><\/p>\n<\/p>\n<p><span class=\"text1noticias\">Apunt\u00f3 que el espacio de la Universidad del Estado exhibe una normativa moderna y adecuada para la presentaci\u00f3n de actividades acad\u00e9micas y espect\u00e1culos culturales.<\/span><\/p>\n<\/p>\n<p><span class=\"text1noticias\">En los trabajos del stand participaron activamente la Vicerrector\u00eda de Extensi\u00f3n, Planta F\u00edsica, la Facultad de Ingenier\u00eda y Arquitectura, las direcciones de Comunicaci\u00f3n y de Publicidad, el Economato, Mayordom\u00eda, Ornato, entre otras \u00e1reas del centro de altos estudios.<\/span><\/p>\n<\/p>\n<p><span class=\"text1noticias\">La Feria por dentro<\/span><\/p>\n<\/p>\n<p><span class=\"text1noticias\">El evento, que lleva el lema \u00abLl\u00e9nate de Lectura\u00bb, tiene como sede la Plaza de la Cultura Juan Pablo Duarte, y participan 425 expositores de 28 pa\u00edses y ser\u00e1n celebradas m\u00e1s de 1,350 actividades.<\/span><\/p>\n<\/p>\n<p><span class=\"text1noticias\">La D\u00e9cimoquinta Feria Internacional del Libro se desarrollar\u00e1 hasta el pr\u00f3ximo 6 de mayo. Los pa\u00edses invitados son Hait\u00ed, B\u00e9lice, Guatemala, El Salvador, Honduras, Guatemala, Costa Rica, Panam\u00e1, Espa\u00f1a, Francia, Alemania, Reino Unido, Pa\u00edses Bajos, B\u00e9lgica, Yugoslavia, Corea, Taiw\u00e1n, Cuba, Puerto Rico, Colombia, Chile, Per\u00fa, M\u00e9xico, Estados Unidos, Argentina, San Mart\u00edn, Uruguay y Venezuela.(HG)<\/span>.<\/p>\n<\/p>\n<p>En la actividad estuvieron presentes adem\u00e1s, el secretario general de la instituci\u00f3n acad\u00e9mica, doctor Santo Inocencio Mercedes; los decanos de las facultades de: Ciencias Jur\u00eddicas y Pol\u00edticas, doctor Antonio Medina; Ciencias Agron\u00f3micas y Veterinarias, maestro Modesto Reyes; Humanidades, maestro Rafael Morla; el vicedecano de Ciencias, maestro Radham\u00e9s Silverio, y el director de Planta F\u00edsica, ingeniero Edwin D\u00edaz.<\/p>\n<h6> 2012-04-20 00:03:47 <\/h6>\n<p><!--\n<link rel=\"stylesheet\" href=\"css\/bootstrap.min.css\">\n\n\n<ul class=\"pagination\">\n\t    \n\t\n\n<li >\n\t<a href='?page_no=17559'>Previous<\/a>\n\t<\/li>\n\n\n       \n    \n\n<li><a href='?page_no=1'>1<\/a><\/li>\n\n\n\n<li><a href='?page_no=2'>2<\/a><\/li>\n\n\n\n<li><a>...<\/a><\/li>\n\n\n\n<li><a href='?page_no=17558'>17558<\/a><\/li>\n\n\n\n<li><a href='?page_no=17559'>17559<\/a><\/li>\n\n\n\n<li class='active'><a>17560<\/a><\/li>\n\n\n\n<li><a href='?page_no=17561'>17561<\/a><\/li>\n\n\n\n<li><a href='?page_no=17562'>17562<\/a><\/li>\n\n\n\n<li><a>...<\/a><\/li>\n\n\n\n<li><a href='?page_no=22911'>22911<\/a><\/li>\n\n\n\n<li><a href='?page_no=22912'>22912<\/a><\/li>\n\n    \n\t\n\n<li >\n\t<a href='?page_no=17561'>Next<\/a>\n\t<\/li>\n\n\n    \n\n<li><a href='?page_no=22912'>Last &rsaquo;&rsaquo;<\/a><\/li>\n\n<\/ul>\n\n\n--><br \/>\n<\/body><\/p>\n","protected":false},"excerpt":{"rendered":"<p>Rep.Dom. 19 de Abril 08:07 P.M.-El rector de la Universidad Aut\u00f3noma de Santo Domingo, junto a un nutrido grupo de funcionarios de la academia, encabez\u00f3 este jueves la inauguraci\u00f3n del Stand de la UASD en la XV Feria Internacional de Libro 2012, dedicada al poeta Enriquillo S\u00e1nchez y en honor a Centroam\u00e9rica. El maestro Mateo [&hellip;]<\/p>\n","protected":false},"author":3,"featured_media":0,"comment_status":"open","ping_status":"open","sticky":false,"template":"","format":"standard","meta":{"footnotes":""},"categories":[21],"tags":[],"class_list":["post-65882","post","type-post","status-publish","format-standard","hentry","category-cultura"],"_links":{"self":[{"href":"https:\/\/diariodominicano.com\/index.php?rest_route=\/wp\/v2\/posts\/65882","targetHints":{"allow":["GET"]}}],"collection":[{"href":"https:\/\/diariodominicano.com\/index.php?rest_route=\/wp\/v2\/posts"}],"about":[{"href":"https:\/\/diariodominicano.com\/index.php?rest_route=\/wp\/v2\/types\/post"}],"author":[{"embeddable":true,"href":"https:\/\/diariodominicano.com\/index.php?rest_route=\/wp\/v2\/users\/3"}],"replies":[{"embeddable":true,"href":"https:\/\/diariodominicano.com\/index.php?rest_route=%2Fwp%2Fv2%2Fcomments&post=65882"}],"version-history":[{"count":0,"href":"https:\/\/diariodominicano.com\/index.php?rest_route=\/wp\/v2\/posts\/65882\/revisions"}],"wp:attachment":[{"href":"https:\/\/diariodominicano.com\/index.php?rest_route=%2Fwp%2Fv2%2Fmedia&parent=65882"}],"wp:term":[{"taxonomy":"category","embeddable":true,"href":"https:\/\/diariodominicano.com\/index.php?rest_route=%2Fwp%2Fv2%2Fcategories&post=65882"},{"taxonomy":"post_tag","embeddable":true,"href":"https:\/\/diariodominicano.com\/index.php?rest_route=%2Fwp%2Fv2%2Ftags&post=65882"}],"curies":[{"name":"wp","href":"https:\/\/api.w.org\/{rel}","templated":true}]}}