{"id":658811,"date":"2026-01-06T04:09:43","date_gmt":"2026-01-06T08:09:43","guid":{"rendered":"https:\/\/diariodominicano.com\/?p=658811"},"modified":"2026-01-06T19:15:21","modified_gmt":"2026-01-06T23:15:21","slug":"cuba-rechazo-en-consejo-de-seguridad-acusaciones-infundadas-de-eeuu","status":"publish","type":"post","link":"https:\/\/diariodominicano.com\/?p=658811","title":{"rendered":"Cuba rechaz\u00f3 en Consejo de Seguridad acusaciones infundadas de EEUU"},"content":{"rendered":"\n<p>Naciones Unidas, 5 ene (Prensa Latina) Cuba rechaz\u00f3 hoy durante una reuni\u00f3n de emergencia del Consejo de Seguridad de la ONU sobre Venezuela, acusaciones infundadas formuladas por la delegaci\u00f3n de Estados Unidos.<\/p>\n\n\n\n<p><a href=\"https:\/\/www.prensa-latina.cu\/2026\/01\/05\/\"><time>enero 5, 2026 | 15:48<\/time><\/a> <\/p>\n\n\n\n<p>El representante permanente de Cuba ante la ONU, Ernesto Sober\u00f3n, dijo que su delegaci\u00f3n se vio obligada a hacer uso de la palabra en una segunda ocasi\u00f3n para responder a esas acusaciones.<\/p>\n\n\n\n<p>Resulta indignante -enfatiz\u00f3- que quienes han protagonizado agresiones unilaterales y violaciones sistem\u00e1ticas del Derecho Internacional pretendan erigirse en jueces de otros Estados soberanos, lo que es una actitud absolutamente inmoral e irrespetuosa e irresponsable.<\/p>\n\n\n\n<p>\u201cRechazamos categ\u00f3ricamente las calumnias de que Cuba tiene presencia de Inteligencia en Venezuela, tales acusaciones carecen de toda base f\u00e1ctica y constituyen un intento evidente de desviar la atenci\u00f3n de la conducta agresiva y criminal de Estados Unidos en la regi\u00f3n\u201d, a\u00f1adi\u00f3 el diplom\u00e1tico.<\/p>\n\n\n\n<p>Cuba respeta estrictamente la soberan\u00eda, la independencia y el derecho inalienable del pueblo venezolano a decidir su propio destino -dijo-, tal como establece la Carta de las Naciones Unidas.<\/p>\n\n\n\n<p>Record\u00f3 Sober\u00f3n que la cooperaci\u00f3n entre Cuba y Venezuela en m\u00faltiples esferas, incluida la militar, tiene bases leg\u00edtimas y se sustenta en acuerdos bilaterales suscritos soberanamente por ambas partes.<\/p>\n\n\n\n<p>El diplom\u00e1tico reiter\u00f3 que como declar\u00f3 el Gobierno Revolucionario, los 32 combatientes ca\u00eddos v\u00edctimas de un acto criminal de agresi\u00f3n y terrorismo de Estado perpetrado por Estados Unidos cumpl\u00edan misiones en representaci\u00f3n de las Fuerzas Armadas Revolucionarias y el Ministerio del Interior a solicitud de \u00f3rganos hom\u00f3logos de Venezuela.<\/p>\n\n\n\n<p>\u201cEstos patriotas supieron poner en alto con su actuar heroico el sentir solidario de millones de cubanos\u201d, destac\u00f3 Sober\u00f3n al recalcar que \u201cesta delegaci\u00f3n (de Estados Unidos) intenta irrespetuosamente tildar a Cuba de intervenci\u00f3n en Venezuela, lo cual rechazamos categ\u00f3ricamente\u201d, concluy\u00f3 el representante permanente en la ONU.<\/p>\n\n\n\n<p>oda\/dfm<\/p>\n\n\n\n<ul class=\"wp-block-list\">\n<li>#<a href=\"https:\/\/www.prensa-latina.cu\/etiqueta\/cuba\/\">cuba<\/a>&nbsp;#<a href=\"https:\/\/www.prensa-latina.cu\/etiqueta\/venezuela\/\">Venezuela<\/a><\/li>\n<\/ul>\n","protected":false},"excerpt":{"rendered":"<p>Naciones Unidas, 5 ene (Prensa Latina) Cuba rechaz\u00f3 hoy durante una reuni\u00f3n de emergencia del Consejo de Seguridad de la ONU sobre Venezuela, acusaciones infundadas formuladas por la delegaci\u00f3n de Estados Unidos. enero 5, 2026 | 15:48 El representante permanente de Cuba ante la ONU, Ernesto Sober\u00f3n, dijo que su delegaci\u00f3n se vio obligada a [&hellip;]<\/p>\n","protected":false},"author":2,"featured_media":658812,"comment_status":"closed","ping_status":"closed","sticky":false,"template":"","format":"standard","meta":{"footnotes":""},"categories":[26,23],"tags":[3100,3955],"class_list":["post-658811","post","type-post","status-publish","format-standard","has-post-thumbnail","hentry","category-efemerides","category-internacional","tag-cuba","tag-eeuu"],"_links":{"self":[{"href":"https:\/\/diariodominicano.com\/index.php?rest_route=\/wp\/v2\/posts\/658811","targetHints":{"allow":["GET"]}}],"collection":[{"href":"https:\/\/diariodominicano.com\/index.php?rest_route=\/wp\/v2\/posts"}],"about":[{"href":"https:\/\/diariodominicano.com\/index.php?rest_route=\/wp\/v2\/types\/post"}],"author":[{"embeddable":true,"href":"https:\/\/diariodominicano.com\/index.php?rest_route=\/wp\/v2\/users\/2"}],"replies":[{"embeddable":true,"href":"https:\/\/diariodominicano.com\/index.php?rest_route=%2Fwp%2Fv2%2Fcomments&post=658811"}],"version-history":[{"count":2,"href":"https:\/\/diariodominicano.com\/index.php?rest_route=\/wp\/v2\/posts\/658811\/revisions"}],"predecessor-version":[{"id":658890,"href":"https:\/\/diariodominicano.com\/index.php?rest_route=\/wp\/v2\/posts\/658811\/revisions\/658890"}],"wp:featuredmedia":[{"embeddable":true,"href":"https:\/\/diariodominicano.com\/index.php?rest_route=\/wp\/v2\/media\/658812"}],"wp:attachment":[{"href":"https:\/\/diariodominicano.com\/index.php?rest_route=%2Fwp%2Fv2%2Fmedia&parent=658811"}],"wp:term":[{"taxonomy":"category","embeddable":true,"href":"https:\/\/diariodominicano.com\/index.php?rest_route=%2Fwp%2Fv2%2Fcategories&post=658811"},{"taxonomy":"post_tag","embeddable":true,"href":"https:\/\/diariodominicano.com\/index.php?rest_route=%2Fwp%2Fv2%2Ftags&post=658811"}],"curies":[{"name":"wp","href":"https:\/\/api.w.org\/{rel}","templated":true}]}}