{"id":65881,"date":"2012-04-20T01:07:13","date_gmt":"2012-04-20T01:07:13","guid":{"rendered":"http:\/\/diariodominicano.ddns.net\/?p=65881"},"modified":"2012-04-20T01:07:13","modified_gmt":"2012-04-20T01:07:13","slug":"fidel-santana-circula-libro-en-santiago","status":"publish","type":"post","link":"https:\/\/diariodominicano.com\/?p=65881","title":{"rendered":"Fidel Santana circula libro en Santiago"},"content":{"rendered":"<p><body><\/p>\n<p><img decoding=\"async\" src=\"img3\/fidel.JPG\" \/>  <\/p>\n<p><span class=\"text1noticias\">Rep.Dom. 19 de Abril 09:10 P.M.-El soci\u00f3logo y catedr\u00e1tico de la Universidad Aut\u00f3noma de Santo Domingo (UASD), Fidel Santana, puso en circulaci\u00f3n su nueva obra \u00abResistencia y Colectivismo en los Convites Campesinos de San Crist\u00f3bal\u00bb, con la presencia de personalidades de esta ciudad.<\/span><\/p>\n<\/p>\n<p><span class=\"text1noticias\">El acto organizado en los salones de la Alianza Cibae\u00f1a, cont\u00f3 con la presencia de destacadas personalidades de Santiago y grupos culturales que interpretaron canciones y declamaron varios poemas.<\/span><\/p>\n<\/p>\n<p><span class=\"text1noticias\">El alcalde de la ciudad, doctor Gilberto Serulle, tuvo a cargo las palabras de bienvenida, quien destac\u00f3 que se sent\u00eda complacido con la invitaci\u00f3n y que Fidel Santana era siempre bienvenido a Santiago, ciudad que pod\u00eda sentir como suya.<\/span><\/p>\n<\/p>\n<p><span class=\"text1noticias\"> Destac\u00f3 las cualidades y valores morales del autor, a quien el pa\u00eds lo reconoc\u00eda como una persona de lucha por las reivindicaciones de los ciudadanos.<\/span><\/p>\n<\/p>\n<p><span class=\"text1noticias\">Las palabras de presentaci\u00f3n del libro estuvieron a cargo del doctor Aulio Collado, concejal del Ayuntamiento de Santiago, quien al hablar rememor\u00f3 su infancia, etapa en la que eran muy comunes los convites o juntas como expresi\u00f3n de la solidaridad comunitaria.<\/span><\/p>\n<\/p>\n<p><span class=\"text1noticias\">Dijo que el texto llena un vac\u00edo porque no exist\u00eda ninguna investigaci\u00f3n que pusiera de relieve los aspectos profundos y complejos de esta expresi\u00f3n cultural tradicional del pueblo dominicano.<\/span><\/p>\n<\/p>\n<p><span class=\"text1noticias\">De su lado, el candidato vicepresidencial del Frente Amplio, Fidel Santana, al agradecer a los presentes y en particular, al alcalde del municipio, expres\u00f3 su alegr\u00eda de poder compartir con la regi\u00f3n cibae\u00f1a sus reflexiones en torno a una tradici\u00f3n que expresa la esencia solidaria del pueblo dominicano, que se pone de manifiesto en el apoyo mutuo que la poblaci\u00f3n siempre se ha dispensado en los momentos de calamidades y en la vida cotidiana.<\/span><\/p>\n<\/p>\n<p><span class=\"text1noticias\">Expres\u00f3 que la esencia solidaria del Convite requiere ser rescatada para enfrentar el individualismo que ha deshumanizado las relaciones sociales y que pone por delante s\u00f3lo el af\u00e1n de lucro.<\/span><\/p>\n<\/p>\n<p><span class=\"text1noticias\">Dijo que en la historia del pueblo dominicano es esa esencia solidaria la que ha permitido enfrentar la desnudez, la escasez de alimentos y la falta de brazos para afrontar tareas productivas.<\/span><\/p>\n<\/p>\n<p><span class=\"text1noticias\">Manifest\u00f3 que aspira a que la sociedad dominicana pueda alcanzar un grado tal de solidaridad, que se convierta en un gran convite comunitario.(HG)<\/span>.<\/p>\n<h6> 2012-04-20 01:07:13 <\/h6>\n<p><!--\n<link rel=\"stylesheet\" href=\"css\/bootstrap.min.css\">\n\n\n<ul class=\"pagination\">\n\t    \n\t\n\n<li >\n\t<a href='?page_no=17558'>Previous<\/a>\n\t<\/li>\n\n\n       \n    \n\n<li><a href='?page_no=1'>1<\/a><\/li>\n\n\n\n<li><a href='?page_no=2'>2<\/a><\/li>\n\n\n\n<li><a>...<\/a><\/li>\n\n\n\n<li><a href='?page_no=17557'>17557<\/a><\/li>\n\n\n\n<li><a href='?page_no=17558'>17558<\/a><\/li>\n\n\n\n<li class='active'><a>17559<\/a><\/li>\n\n\n\n<li><a href='?page_no=17560'>17560<\/a><\/li>\n\n\n\n<li><a href='?page_no=17561'>17561<\/a><\/li>\n\n\n\n<li><a>...<\/a><\/li>\n\n\n\n<li><a href='?page_no=22911'>22911<\/a><\/li>\n\n\n\n<li><a href='?page_no=22912'>22912<\/a><\/li>\n\n    \n\t\n\n<li >\n\t<a href='?page_no=17560'>Next<\/a>\n\t<\/li>\n\n\n    \n\n<li><a href='?page_no=22912'>Last &rsaquo;&rsaquo;<\/a><\/li>\n\n<\/ul>\n\n\n--><br \/>\n<\/body><\/p>\n","protected":false},"excerpt":{"rendered":"<p>Rep.Dom. 19 de Abril 09:10 P.M.-El soci\u00f3logo y catedr\u00e1tico de la Universidad Aut\u00f3noma de Santo Domingo (UASD), Fidel Santana, puso en circulaci\u00f3n su nueva obra \u00abResistencia y Colectivismo en los Convites Campesinos de San Crist\u00f3bal\u00bb, con la presencia de personalidades de esta ciudad. El acto organizado en los salones de la Alianza Cibae\u00f1a, cont\u00f3 con [&hellip;]<\/p>\n","protected":false},"author":3,"featured_media":0,"comment_status":"open","ping_status":"open","sticky":false,"template":"","format":"standard","meta":{"footnotes":""},"categories":[21],"tags":[],"class_list":["post-65881","post","type-post","status-publish","format-standard","hentry","category-cultura"],"_links":{"self":[{"href":"https:\/\/diariodominicano.com\/index.php?rest_route=\/wp\/v2\/posts\/65881","targetHints":{"allow":["GET"]}}],"collection":[{"href":"https:\/\/diariodominicano.com\/index.php?rest_route=\/wp\/v2\/posts"}],"about":[{"href":"https:\/\/diariodominicano.com\/index.php?rest_route=\/wp\/v2\/types\/post"}],"author":[{"embeddable":true,"href":"https:\/\/diariodominicano.com\/index.php?rest_route=\/wp\/v2\/users\/3"}],"replies":[{"embeddable":true,"href":"https:\/\/diariodominicano.com\/index.php?rest_route=%2Fwp%2Fv2%2Fcomments&post=65881"}],"version-history":[{"count":0,"href":"https:\/\/diariodominicano.com\/index.php?rest_route=\/wp\/v2\/posts\/65881\/revisions"}],"wp:attachment":[{"href":"https:\/\/diariodominicano.com\/index.php?rest_route=%2Fwp%2Fv2%2Fmedia&parent=65881"}],"wp:term":[{"taxonomy":"category","embeddable":true,"href":"https:\/\/diariodominicano.com\/index.php?rest_route=%2Fwp%2Fv2%2Fcategories&post=65881"},{"taxonomy":"post_tag","embeddable":true,"href":"https:\/\/diariodominicano.com\/index.php?rest_route=%2Fwp%2Fv2%2Ftags&post=65881"}],"curies":[{"name":"wp","href":"https:\/\/api.w.org\/{rel}","templated":true}]}}