{"id":65880,"date":"2012-04-20T16:06:09","date_gmt":"2012-04-20T16:06:09","guid":{"rendered":"http:\/\/diariodominicano.ddns.net\/?p=65880"},"modified":"2012-04-20T16:06:09","modified_gmt":"2012-04-20T16:06:09","slug":"libro-de-fidel-castro-ruz-guerrillero-del-tiempo-esta-en-buenos-aires","status":"publish","type":"post","link":"https:\/\/diariodominicano.com\/?p=65880","title":{"rendered":"Libro de Fidel Castro Ruz, Guerrillero del Tiempo, est\u00e1 en Buenos Aires"},"content":{"rendered":"<p><body><\/p>\n<p><img decoding=\"async\" src=\"img3\/cuba fidel libro.jpg\" \/>  <\/p>\n<\/p>\n<p>Por Mois\u00e9s P\u00e9rez Mok<\/p>\n<\/p>\n<p>Buenos Aires, 20 abr (PL), 11:45 am.- El D\u00eda de Cuba en la 38 Feria Internacional del Libro de Buenos Aires revestir\u00e1 hoy una significaci\u00f3n especial con la presentaci\u00f3n de \u00abFidel Castro Ruz, Guerrillero del Tiempo\u00bb, de la periodista y escritora Katiuska Blanco.<\/p>\n<\/p>\n<p>Para la tambi\u00e9n autora de \u00abTodo el tiempo de los cedros. Paisaje familiar de Fidel Castro Ruz\u00bb, y de \u00abAngel, la ra\u00edz gallega de Fidel\u00bb, la presentaci\u00f3n de su m\u00e1s reciente obra en Argentina reviste una especial significaci\u00f3n.<\/p>\n<\/p>\n<p>Es la tierra donde naci\u00f3 otro extraordinario guerrillero, el comandante Ernesto Che Guevara, de quien se habla en estas entrevistas como el joven que impresion\u00f3 al gestor del desembarco del Granma por su humildad, sencillez, modestia y valores \u00e9ticos y humanos, coment\u00f3 a Prensa Latina.<\/p>\n<\/p>\n<p>Por otro lado, signific\u00f3, el libro deja constancia de que el justo reclamo de soberan\u00eda de Argentina sobre las Islas Malvinas, usurpadas por Gran Breta\u00f1a en 1833, es una causa que el l\u00edder de la Revoluci\u00f3n cubana abraz\u00f3 desde 1948.<\/p>\n<\/p>\n<p>La soberan\u00eda de las Malvinas; la lucha por la independencia de Puerto Rico, por la democracia en Santo Domingo y por la devoluci\u00f3n del Canal de Panam\u00e1 fueron resortes que movieron al entonces joven estudiante de Derecho a organizar un Congreso Latinoamericano en Colombia, explic\u00f3 Blanco.<\/p>\n<\/p>\n<p>De modo, suscribe el propio l\u00edder cubano en su di\u00e1logo con la escritora, \u00abque yo estaba defendiendo la causa de las Malvinas desde el a\u00f1o 1948; hace m\u00e1s de 60 a\u00f1os que por primera vez, como estudiante universitario, empec\u00e9 a defender dicha causa\u00bb.<\/p>\n<\/p>\n<p>La autora destac\u00f3 adem\u00e1s que ser\u00e1 una casa editorial argentina, Cartago Ediciones S.A., la primera en Latinoam\u00e9rica y el mundo en sacar al mercado en mayo pr\u00f3ximo estas conversaciones con el l\u00edder de la Revoluci\u00f3n cubana, que vieron la luz en la isla de la mano de la Casa Editora Abril.<\/p>\n<\/p>\n<p>El libro fue presentado ya en Venezuela, Bolivia y Ecuador, donde la autora reconoce haber percibido como denominador com\u00fan el gran inter\u00e9s del p\u00fablico por acercarse a Fidel Castro en todas sus dimensiones: revolucionaria, \u00e9tica, humana, de estadista, e infatigable guerrillero del tiempo.<\/p>\n<\/p>\n<p>En Argentina, adem\u00e1s de esta noche en el D\u00eda de Cuba en la Feria del Libro, se realizar\u00e1n presentaciones en Rosario, la ciudad natal del Che Guevara, el pr\u00f3ximo lunes y el martes en la sede del Comit\u00e9 Central de Partido Comunista (PCA) en esta capital.<\/p>\n<\/p>\n<p>Por \u00faltimo, el venidero d\u00eda 25 la obra ser\u00e1 lanzada en la ciudad bonaerense de La Plata.<\/p>\n<\/p>\n<p>En m\u00e1s de un millar de p\u00e1ginas, \u00abFidel Castro Ruz, Guerrillero del Tiempo\u00bb recoge las respuestas del l\u00edder hist\u00f3rico de la Revoluci\u00f3n cubana a un cuestionario muy abarcador, aunque -reconoce la autora- \u00ablas preguntas se pierden frente al oc\u00e9ano que es su vida\u00bb.<\/p>\n<\/p>\n<p>El lector, promete, tendr\u00e1 la oportunidad de recorrer con Fidel al camino de sus d\u00edas, disfrutar\u00e1 de la naturalidad y transparencia con que va hilvanando los hechos, puntos de vista, im\u00e1genes y sentimientos de la memoria.<\/p>\n<\/p>\n<p>Como estadista y revolucionario que cumpli\u00f3 sus sue\u00f1os, lo que reflexiona tiene el valor de la experiencia agolpada en lo vivido, reconoce Blanco y advierte que \u00abla humanidad requiere de hombres y mujeres capaces de salvarla: Fidel calza de nuevo sus botas de eterno caminante\u00bb.<\/p>\n<h6> 2012-04-20 16:06:09 <\/h6>\n<p><!--\n<link rel=\"stylesheet\" href=\"css\/bootstrap.min.css\">\n\n\n<ul class=\"pagination\">\n\t    \n\t\n\n<li >\n\t<a href='?page_no=17557'>Previous<\/a>\n\t<\/li>\n\n\n       \n    \n\n<li><a href='?page_no=1'>1<\/a><\/li>\n\n\n\n<li><a href='?page_no=2'>2<\/a><\/li>\n\n\n\n<li><a>...<\/a><\/li>\n\n\n\n<li><a href='?page_no=17556'>17556<\/a><\/li>\n\n\n\n<li><a href='?page_no=17557'>17557<\/a><\/li>\n\n\n\n<li class='active'><a>17558<\/a><\/li>\n\n\n\n<li><a href='?page_no=17559'>17559<\/a><\/li>\n\n\n\n<li><a href='?page_no=17560'>17560<\/a><\/li>\n\n\n\n<li><a>...<\/a><\/li>\n\n\n\n<li><a href='?page_no=22911'>22911<\/a><\/li>\n\n\n\n<li><a href='?page_no=22912'>22912<\/a><\/li>\n\n    \n\t\n\n<li >\n\t<a href='?page_no=17559'>Next<\/a>\n\t<\/li>\n\n\n    \n\n<li><a href='?page_no=22912'>Last &rsaquo;&rsaquo;<\/a><\/li>\n\n<\/ul>\n\n\n--><br \/>\n<\/body><\/p>\n","protected":false},"excerpt":{"rendered":"<p>Por Mois\u00e9s P\u00e9rez Mok Buenos Aires, 20 abr (PL), 11:45 am.- El D\u00eda de Cuba en la 38 Feria Internacional del Libro de Buenos Aires revestir\u00e1 hoy una significaci\u00f3n especial con la presentaci\u00f3n de \u00abFidel Castro Ruz, Guerrillero del Tiempo\u00bb, de la periodista y escritora Katiuska Blanco. Para la tambi\u00e9n autora de \u00abTodo el tiempo [&hellip;]<\/p>\n","protected":false},"author":3,"featured_media":0,"comment_status":"open","ping_status":"open","sticky":false,"template":"","format":"standard","meta":{"footnotes":""},"categories":[21],"tags":[],"class_list":["post-65880","post","type-post","status-publish","format-standard","hentry","category-cultura"],"_links":{"self":[{"href":"https:\/\/diariodominicano.com\/index.php?rest_route=\/wp\/v2\/posts\/65880","targetHints":{"allow":["GET"]}}],"collection":[{"href":"https:\/\/diariodominicano.com\/index.php?rest_route=\/wp\/v2\/posts"}],"about":[{"href":"https:\/\/diariodominicano.com\/index.php?rest_route=\/wp\/v2\/types\/post"}],"author":[{"embeddable":true,"href":"https:\/\/diariodominicano.com\/index.php?rest_route=\/wp\/v2\/users\/3"}],"replies":[{"embeddable":true,"href":"https:\/\/diariodominicano.com\/index.php?rest_route=%2Fwp%2Fv2%2Fcomments&post=65880"}],"version-history":[{"count":0,"href":"https:\/\/diariodominicano.com\/index.php?rest_route=\/wp\/v2\/posts\/65880\/revisions"}],"wp:attachment":[{"href":"https:\/\/diariodominicano.com\/index.php?rest_route=%2Fwp%2Fv2%2Fmedia&parent=65880"}],"wp:term":[{"taxonomy":"category","embeddable":true,"href":"https:\/\/diariodominicano.com\/index.php?rest_route=%2Fwp%2Fv2%2Fcategories&post=65880"},{"taxonomy":"post_tag","embeddable":true,"href":"https:\/\/diariodominicano.com\/index.php?rest_route=%2Fwp%2Fv2%2Ftags&post=65880"}],"curies":[{"name":"wp","href":"https:\/\/api.w.org\/{rel}","templated":true}]}}