{"id":65879,"date":"2012-04-20T18:18:31","date_gmt":"2012-04-20T18:18:31","guid":{"rendered":"http:\/\/diariodominicano.ddns.net\/?p=65879"},"modified":"2012-04-20T18:18:31","modified_gmt":"2012-04-20T18:18:31","slug":"escritor-puertorriqueno-luis-negron-presenta-mundo-cruel","status":"publish","type":"post","link":"https:\/\/diariodominicano.com\/?p=65879","title":{"rendered":"Escritor Puertorrique\u00f1o  Luis Negr\u00f3n  presenta \u00abMundo Cruel\u00bb"},"content":{"rendered":"<p><body><\/p>\n<p><img decoding=\"async\" src=\"img3\/mundo cruel.JPG\" \/>  <\/p>\n<p><span class=\"text1noticias\">02:25 PM SANTO DOMINGO, RD, 20 Abr 2012.-El escritor puertorrique\u00f1o Luis Negr\u00f3n present\u00f3 la tercera edici\u00f3n de su libro de cuentos \u00abMundo Cruel\u00bb, en el marco de la XV edici\u00f3n de la Feria internacional del Libro  Santo Domingo 2012.<\/span><\/p>\n<\/p>\n<p><span class=\"text1noticias\">El  acto de presentaci\u00f3n, efectuado en el Auditorium del Museo de Arte Moderno, lo presidi\u00f3 el escritor dominicano Rey Emmanuel And\u00fajar, quien tuvo a su cargo la presentaci\u00f3n del libro.<\/span><\/p>\n<\/p>\n<p><span class=\"text1noticias\">And\u00fajar explic\u00f3 que el  libro est\u00e1 conformado por nueve cuentos, entre lo que cit\u00f3 \u00abEl Elegido??, \u00abMundo Cruel\u00bb, y \u00abGuyama\u00bb, en los cuales el autor destaca la dominicanidad, la vivencia y armon\u00eda que se hace sentir entre los personajes.<\/span><\/p>\n<\/p>\n<p><span class=\"text1noticias\">Entre tema y tema, el autor emplea un lenguaje sencillo y coloquial para narrar, de  una forma picaresca, una realidad social entre parejas que interact\u00faan y hacen lo imposible para mantener una relaci\u00f3n en  plena libertad y armon\u00eda en el ambiente que les rodea.<\/span><\/p>\n<\/p>\n<p><span class=\"text1noticias\">And\u00fajar destac\u00f3 que el autor hace entrega de un texto dotado de un gran significado en el quehacer narrativo, compuesto por cuentos bien estructurados, partiendo desde la oralidad.<\/span><\/p>\n<\/p>\n<p><span class=\"text1noticias\">\u00abLa tradici\u00f3n oral como totalidad asume el nervio central de cada relato y sacude el sismo del que adolecen los textos de la alteridad, sobre los cuales siempre pesa el fantasma de la confesi\u00f3n\u00bb, as\u00ed lo expresa, a modo de comentario, la escritora puertorrique\u00f1a Liliana Ramos Collado. <\/span><\/p>\n<\/p>\n<p><span class=\"text1noticias\">Al acto de presentaci\u00f3n del libro asistieron escritores, relacionados y publico en general.<\/span><\/p>\n<\/p>\n<p><strong><em><u><span class=\"text1noticias\">CG.<\/span><\/u><\/em><\/strong><\/p>\n<\/p>\n<h6> 2012-04-20 18:18:31 <\/h6>\n<p><!--\n<link rel=\"stylesheet\" href=\"css\/bootstrap.min.css\">\n\n\n<ul class=\"pagination\">\n\t    \n\t\n\n<li >\n\t<a href='?page_no=17556'>Previous<\/a>\n\t<\/li>\n\n\n       \n    \n\n<li><a href='?page_no=1'>1<\/a><\/li>\n\n\n\n<li><a href='?page_no=2'>2<\/a><\/li>\n\n\n\n<li><a>...<\/a><\/li>\n\n\n\n<li><a href='?page_no=17555'>17555<\/a><\/li>\n\n\n\n<li><a href='?page_no=17556'>17556<\/a><\/li>\n\n\n\n<li class='active'><a>17557<\/a><\/li>\n\n\n\n<li><a href='?page_no=17558'>17558<\/a><\/li>\n\n\n\n<li><a href='?page_no=17559'>17559<\/a><\/li>\n\n\n\n<li><a>...<\/a><\/li>\n\n\n\n<li><a href='?page_no=22911'>22911<\/a><\/li>\n\n\n\n<li><a href='?page_no=22912'>22912<\/a><\/li>\n\n    \n\t\n\n<li >\n\t<a href='?page_no=17558'>Next<\/a>\n\t<\/li>\n\n\n    \n\n<li><a href='?page_no=22912'>Last &rsaquo;&rsaquo;<\/a><\/li>\n\n<\/ul>\n\n\n--><br \/>\n<\/body><\/p>\n","protected":false},"excerpt":{"rendered":"<p>02:25 PM SANTO DOMINGO, RD, 20 Abr 2012.-El escritor puertorrique\u00f1o Luis Negr\u00f3n present\u00f3 la tercera edici\u00f3n de su libro de cuentos \u00abMundo Cruel\u00bb, en el marco de la XV edici\u00f3n de la Feria internacional del Libro Santo Domingo 2012. El acto de presentaci\u00f3n, efectuado en el Auditorium del Museo de Arte Moderno, lo presidi\u00f3 el [&hellip;]<\/p>\n","protected":false},"author":3,"featured_media":0,"comment_status":"open","ping_status":"open","sticky":false,"template":"","format":"standard","meta":{"footnotes":""},"categories":[21],"tags":[],"class_list":["post-65879","post","type-post","status-publish","format-standard","hentry","category-cultura"],"_links":{"self":[{"href":"https:\/\/diariodominicano.com\/index.php?rest_route=\/wp\/v2\/posts\/65879","targetHints":{"allow":["GET"]}}],"collection":[{"href":"https:\/\/diariodominicano.com\/index.php?rest_route=\/wp\/v2\/posts"}],"about":[{"href":"https:\/\/diariodominicano.com\/index.php?rest_route=\/wp\/v2\/types\/post"}],"author":[{"embeddable":true,"href":"https:\/\/diariodominicano.com\/index.php?rest_route=\/wp\/v2\/users\/3"}],"replies":[{"embeddable":true,"href":"https:\/\/diariodominicano.com\/index.php?rest_route=%2Fwp%2Fv2%2Fcomments&post=65879"}],"version-history":[{"count":0,"href":"https:\/\/diariodominicano.com\/index.php?rest_route=\/wp\/v2\/posts\/65879\/revisions"}],"wp:attachment":[{"href":"https:\/\/diariodominicano.com\/index.php?rest_route=%2Fwp%2Fv2%2Fmedia&parent=65879"}],"wp:term":[{"taxonomy":"category","embeddable":true,"href":"https:\/\/diariodominicano.com\/index.php?rest_route=%2Fwp%2Fv2%2Fcategories&post=65879"},{"taxonomy":"post_tag","embeddable":true,"href":"https:\/\/diariodominicano.com\/index.php?rest_route=%2Fwp%2Fv2%2Ftags&post=65879"}],"curies":[{"name":"wp","href":"https:\/\/api.w.org\/{rel}","templated":true}]}}