{"id":65878,"date":"2012-04-20T18:24:08","date_gmt":"2012-04-20T18:24:08","guid":{"rendered":"http:\/\/diariodominicano.ddns.net\/?p=65878"},"modified":"2012-04-20T18:24:08","modified_gmt":"2012-04-20T18:24:08","slug":"la-universidad-central-del-este-participa-en-la-xv-feria-internacional-del-libro","status":"publish","type":"post","link":"https:\/\/diariodominicano.com\/?p=65878","title":{"rendered":"La Universidad Central del Este  participa  en la XV Feria Internacional del Libro"},"content":{"rendered":"<p><body><\/p>\n<p><img decoding=\"async\" src=\"img3\/LOGO UCE JPG.jpg\" \/><br \/><img decoding=\"async\" src=\"img3\/LOGO FERIA DEL LIBRO 2012.jpg\" \/>  <\/p>\n<p><span class=\"text1noticias\">02:35 PM SANTO DOMINGO, RD, 20 Abr 2012.- La Universidad Central del Este como parte de las universidades que forman la Asociaci\u00f3n Dominicana de Rectores de Universidades (ADRU), est\u00e1 participando en el stand de esta instituci\u00f3n en la XV Feria Internacional del Libro Santo Domingo 2012.<\/span><\/p>\n<p><span class=\"text1noticias\"> <\/span><\/p>\n<p><span class=\"text1noticias\">La UCE tiene asignados  los d\u00edas 22 de abril, 2, 4 y 6 del mes de mayo, durante los cuales se presentar\u00e1n diversas actividades.<\/span><\/p>\n<p><span class=\"text1noticias\"> <\/span><\/p>\n<p><span class=\"text1noticias\">Para el domingo 22  a las 10:30 de la ma\u00f1ana, est\u00e1 programada una charla tituladaAportaciones de los Enfoques de las Inteligencias M\u00faltiples en el Desarrollo del Educador, la cual estar\u00e1 a cargo de la doctora Cristina de Jes\u00fas Molina, Vicerrectora Acad\u00e9mica de esta casa de estudios superiores.<\/span><\/p>\n<p><span class=\"text1noticias\"> <\/span><\/p>\n<p><span class=\"text1noticias\">Tambi\u00e9n el domingo 22 a las 3:30 el doctor Goldny Mills, Coordinador de Epidemiolog\u00eda de la Escuela de Medicina, impartir\u00e1 la charla UCE en la Comunidad.<\/span><\/p>\n<p><span class=\"text1noticias\"> <\/span><\/p>\n<p><span class=\"text1noticias\">El martes 2 de mayo de 9:00 de la ma\u00f1ana a 2:00 de la tarde se estar\u00e1 exhibiendo el material promocional de la Universidad Central del Este, presentando las innovaciones y grandes logros alcanzados por esta instituci\u00f3n acad\u00e9mica desde su fundaci\u00f3n en 1970 hasta el presente.<\/span><\/p>\n<p><span class=\"text1noticias\"> <\/span><\/p>\n<p><span class=\"text1noticias\">En la Sala de la Cultura del Teatro Nacional ser\u00e1 realizado el d\u00eda 4 de mayo desde las 10:00 de la ma\u00f1ana, un Coloquio Sobre Universidad y Empleo y el domingo 6 de 10:00 de la ma\u00f1ana a 2:00 de la tarde, ser\u00e1 presentado el Festival Universitario en la Tribuna Libre.<\/span><\/p>\n<p><span class=\"text1noticias\"> <\/span><\/p>\n<p><span class=\"text1noticias\">La XV Feria Internacional del Libro Santo Domingo 2012 est\u00e1 abierta al p\u00fablico hasta el pr\u00f3ximo 6 de mayo y en  ella participan  425 expositores, entre ellos 194 editoras de 28 naciones.<\/span><\/p>\n<\/p>\n<p><strong><em><u><span class=\"text1noticias\">CG.<\/span><\/u><\/em><\/strong><\/p>\n<\/p>\n<h6> 2012-04-20 18:24:08 <\/h6>\n<p><!--\n<link rel=\"stylesheet\" href=\"css\/bootstrap.min.css\">\n\n\n<ul class=\"pagination\">\n\t    \n\t\n\n<li >\n\t<a href='?page_no=17555'>Previous<\/a>\n\t<\/li>\n\n\n       \n    \n\n<li><a href='?page_no=1'>1<\/a><\/li>\n\n\n\n<li><a href='?page_no=2'>2<\/a><\/li>\n\n\n\n<li><a>...<\/a><\/li>\n\n\n\n<li><a href='?page_no=17554'>17554<\/a><\/li>\n\n\n\n<li><a href='?page_no=17555'>17555<\/a><\/li>\n\n\n\n<li class='active'><a>17556<\/a><\/li>\n\n\n\n<li><a href='?page_no=17557'>17557<\/a><\/li>\n\n\n\n<li><a href='?page_no=17558'>17558<\/a><\/li>\n\n\n\n<li><a>...<\/a><\/li>\n\n\n\n<li><a href='?page_no=22911'>22911<\/a><\/li>\n\n\n\n<li><a href='?page_no=22912'>22912<\/a><\/li>\n\n    \n\t\n\n<li >\n\t<a href='?page_no=17557'>Next<\/a>\n\t<\/li>\n\n\n    \n\n<li><a href='?page_no=22912'>Last &rsaquo;&rsaquo;<\/a><\/li>\n\n<\/ul>\n\n\n--><br \/>\n<\/body><\/p>\n","protected":false},"excerpt":{"rendered":"<p>02:35 PM SANTO DOMINGO, RD, 20 Abr 2012.- La Universidad Central del Este como parte de las universidades que forman la Asociaci\u00f3n Dominicana de Rectores de Universidades (ADRU), est\u00e1 participando en el stand de esta instituci\u00f3n en la XV Feria Internacional del Libro Santo Domingo 2012. La UCE tiene asignados los d\u00edas 22 de abril, [&hellip;]<\/p>\n","protected":false},"author":3,"featured_media":0,"comment_status":"open","ping_status":"open","sticky":false,"template":"","format":"standard","meta":{"footnotes":""},"categories":[21],"tags":[],"class_list":["post-65878","post","type-post","status-publish","format-standard","hentry","category-cultura"],"_links":{"self":[{"href":"https:\/\/diariodominicano.com\/index.php?rest_route=\/wp\/v2\/posts\/65878","targetHints":{"allow":["GET"]}}],"collection":[{"href":"https:\/\/diariodominicano.com\/index.php?rest_route=\/wp\/v2\/posts"}],"about":[{"href":"https:\/\/diariodominicano.com\/index.php?rest_route=\/wp\/v2\/types\/post"}],"author":[{"embeddable":true,"href":"https:\/\/diariodominicano.com\/index.php?rest_route=\/wp\/v2\/users\/3"}],"replies":[{"embeddable":true,"href":"https:\/\/diariodominicano.com\/index.php?rest_route=%2Fwp%2Fv2%2Fcomments&post=65878"}],"version-history":[{"count":0,"href":"https:\/\/diariodominicano.com\/index.php?rest_route=\/wp\/v2\/posts\/65878\/revisions"}],"wp:attachment":[{"href":"https:\/\/diariodominicano.com\/index.php?rest_route=%2Fwp%2Fv2%2Fmedia&parent=65878"}],"wp:term":[{"taxonomy":"category","embeddable":true,"href":"https:\/\/diariodominicano.com\/index.php?rest_route=%2Fwp%2Fv2%2Fcategories&post=65878"},{"taxonomy":"post_tag","embeddable":true,"href":"https:\/\/diariodominicano.com\/index.php?rest_route=%2Fwp%2Fv2%2Ftags&post=65878"}],"curies":[{"name":"wp","href":"https:\/\/api.w.org\/{rel}","templated":true}]}}