{"id":65877,"date":"2012-04-20T18:38:43","date_gmt":"2012-04-20T18:38:43","guid":{"rendered":"http:\/\/diariodominicano.ddns.net\/?p=65877"},"modified":"2012-04-20T18:38:43","modified_gmt":"2012-04-20T18:38:43","slug":"cuba-inaugura-programa-cientifico-en-feria-del-libro-de-dominicana","status":"publish","type":"post","link":"https:\/\/diariodominicano.com\/?p=65877","title":{"rendered":"Cuba inaugura programa cient\u00edfico en feria del libro de Dominicana\t\t\t&#13;"},"content":{"rendered":"<p><body><\/p>\n<p><img decoding=\"async\" src=\"img3\/cuba en feria dominicana 2012.jpg\" \/>  <\/p>\n<p><span class=\"text1noticias\">02:46 PM SANTO DOMINGO RD, 20 Abr 2012.- (PL) La ciencia contempor\u00e1nea no responde a necesidades humanas b\u00e1sicas por una arbitraria distribuci\u00f3n de la riqueza, afirm\u00f3 el doctor cubano Fidel Castro D\u00edaz-Balart, en el inicio del programa cient\u00edfico de la XV Feria Internacional del Libro de Dominicana.<\/span><\/p>\n<\/p>\n<p><span class=\"text1noticias\">En la muestra, inaugurada el pasado mi\u00e9rcoles y que se extender\u00e1 hasta el pr\u00f3ximo 6 de mayo, el experto cubano ofrecer\u00e1 una conferencia magistral titulada La ciencia contempor\u00e1nea en un mundo desigual.<\/span><\/p>\n<\/p>\n<p><span class=\"text1noticias\">Al presentar esta serie de conferencias sobre temas cient\u00edficos, el ministro dominicano de Cultura, Jos\u00e9 Rafael Lantigua, destac\u00f3 ante un auditorio que llen\u00f3 las capacidades de la Sala Piantini del Teatro Nacional, que a pesar de sus vastos conocimientos, Fidel Castro D\u00edaz-Balart lo sorprendi\u00f3 con su sencillez y humildad.<\/span><\/p>\n<\/p>\n<p><span class=\"text1noticias\">El conferenciante no es solo un reconocido hombre de ciencias en su pa\u00eds, se\u00f1al\u00f3 Lantigua, sino de Am\u00e9rica Latina y del mundo, autor de una docena de libros que prestigia a nuestra Feria, cuyo programa de actividades pone \u00e9nfasis por primera vez en los temas y la producci\u00f3n editorial sobre ciencia.<\/span><\/p>\n<\/p>\n<p><span class=\"text1noticias\">El doctor cubano en ciencias nucleares comenz\u00f3 por referirse a cifras que muestran la polarizaci\u00f3n de las riquezas y dominio del conocimiento en el mundo, donde una tr\u00edada de poderosas naciones, Estados Unidos, la Uni\u00f3n Europea y Jap\u00f3n, acaparan las nuevas tecnolog\u00edas, las patentes y el robo de cerebros que eufem\u00edsticamente califican de migraci\u00f3n de profesionales.<\/span><\/p>\n<\/p>\n<p><span class=\"text1noticias\">Ese peque\u00f1o grupo de pa\u00edses produce el 45 por ciento del Producto Interno Bruto mundial y consumen el 80 por ciento, controlan el 82 por ciento del mercado de alta tecnolog\u00edas y consumen el 80 por ciento de los recursos energ\u00e9ticos del planeta, apunt\u00f3.<\/span><\/p>\n<\/p>\n<p><span class=\"text1noticias\">Agreg\u00f3 que las 20 econom\u00edas m\u00e1s poderosas acaparan el 75 por ciento de los investigadores cient\u00edficos, mientras los pa\u00edses en desarrollo, m\u00e1s de un centenar, tienen entre el dos y 3,5 por ciento.<\/span><\/p>\n<\/p>\n<p><span class=\"text1noticias\">Solo la Uni\u00f3n Europea tiene el 42,5 por ciento de las publicaciones que se editan en el mundo. La distribuci\u00f3n del registro de patentes es a\u00fan m\u00e1s desigual ahora que el mundo se aboca a una segunda revoluci\u00f3n industrial, la m\u00e1s importante de los \u00faltimos 200 a\u00f1os, precis\u00f3.<\/span><\/p>\n<\/p>\n<p><span class=\"text1noticias\">M\u00e1s adelante, el orador se refiri\u00f3 al desarrollo cient\u00edfico de Cuba, iniciado apenas hace tres d\u00e9cadas, basado en la biotecnolog\u00eda, la biofarmac\u00e9utica y producci\u00f3n de equipos m\u00e9dicos.<\/span><\/p>\n<\/p>\n<p><span class=\"text1noticias\">Ese desarrollo no cont\u00f3 con cr\u00e9ditos externos ni inversiones extranjeras, solo tuvo inversiones del Estado, subray\u00f3.<\/span><\/p>\n<\/p>\n<p><span class=\"text1noticias\">Hoy Cuba cuenta con 53 entidades y 141 productos que se exportan a 50 pa\u00edses, con un crecimiento promedio anual del 30 por ciento en la \u00faltima d\u00e9cada, concluy\u00f3 el cient\u00edfico cubano, ovacionado por el p\u00fablico.<\/span><\/p>\n<\/p>\n<p><strong><em><u><span class=\"text1noticias\">CG.<\/span><\/u><\/em><\/strong><\/p>\n<\/p>\n<h6> 2012-04-20 18:38:43 <\/h6>\n<p><!--\n<link rel=\"stylesheet\" href=\"css\/bootstrap.min.css\">\n\n\n<ul class=\"pagination\">\n\t    \n\t\n\n<li >\n\t<a href='?page_no=17554'>Previous<\/a>\n\t<\/li>\n\n\n       \n    \n\n<li><a href='?page_no=1'>1<\/a><\/li>\n\n\n\n<li><a href='?page_no=2'>2<\/a><\/li>\n\n\n\n<li><a>...<\/a><\/li>\n\n\n\n<li><a href='?page_no=17553'>17553<\/a><\/li>\n\n\n\n<li><a href='?page_no=17554'>17554<\/a><\/li>\n\n\n\n<li class='active'><a>17555<\/a><\/li>\n\n\n\n<li><a href='?page_no=17556'>17556<\/a><\/li>\n\n\n\n<li><a href='?page_no=17557'>17557<\/a><\/li>\n\n\n\n<li><a>...<\/a><\/li>\n\n\n\n<li><a href='?page_no=22911'>22911<\/a><\/li>\n\n\n\n<li><a href='?page_no=22912'>22912<\/a><\/li>\n\n    \n\t\n\n<li >\n\t<a href='?page_no=17556'>Next<\/a>\n\t<\/li>\n\n\n    \n\n<li><a href='?page_no=22912'>Last &rsaquo;&rsaquo;<\/a><\/li>\n\n<\/ul>\n\n\n--><br \/>\n<\/body><\/p>\n","protected":false},"excerpt":{"rendered":"<p>02:46 PM SANTO DOMINGO RD, 20 Abr 2012.- (PL) La ciencia contempor\u00e1nea no responde a necesidades humanas b\u00e1sicas por una arbitraria distribuci\u00f3n de la riqueza, afirm\u00f3 el doctor cubano Fidel Castro D\u00edaz-Balart, en el inicio del programa cient\u00edfico de la XV Feria Internacional del Libro de Dominicana. En la muestra, inaugurada el pasado mi\u00e9rcoles y [&hellip;]<\/p>\n","protected":false},"author":3,"featured_media":0,"comment_status":"open","ping_status":"open","sticky":false,"template":"","format":"standard","meta":{"footnotes":""},"categories":[21],"tags":[],"class_list":["post-65877","post","type-post","status-publish","format-standard","hentry","category-cultura"],"_links":{"self":[{"href":"https:\/\/diariodominicano.com\/index.php?rest_route=\/wp\/v2\/posts\/65877","targetHints":{"allow":["GET"]}}],"collection":[{"href":"https:\/\/diariodominicano.com\/index.php?rest_route=\/wp\/v2\/posts"}],"about":[{"href":"https:\/\/diariodominicano.com\/index.php?rest_route=\/wp\/v2\/types\/post"}],"author":[{"embeddable":true,"href":"https:\/\/diariodominicano.com\/index.php?rest_route=\/wp\/v2\/users\/3"}],"replies":[{"embeddable":true,"href":"https:\/\/diariodominicano.com\/index.php?rest_route=%2Fwp%2Fv2%2Fcomments&post=65877"}],"version-history":[{"count":0,"href":"https:\/\/diariodominicano.com\/index.php?rest_route=\/wp\/v2\/posts\/65877\/revisions"}],"wp:attachment":[{"href":"https:\/\/diariodominicano.com\/index.php?rest_route=%2Fwp%2Fv2%2Fmedia&parent=65877"}],"wp:term":[{"taxonomy":"category","embeddable":true,"href":"https:\/\/diariodominicano.com\/index.php?rest_route=%2Fwp%2Fv2%2Fcategories&post=65877"},{"taxonomy":"post_tag","embeddable":true,"href":"https:\/\/diariodominicano.com\/index.php?rest_route=%2Fwp%2Fv2%2Ftags&post=65877"}],"curies":[{"name":"wp","href":"https:\/\/api.w.org\/{rel}","templated":true}]}}