{"id":65875,"date":"2012-04-20T18:46:30","date_gmt":"2012-04-20T18:46:30","guid":{"rendered":"http:\/\/diariodominicano.ddns.net\/?p=65875"},"modified":"2012-04-20T18:46:30","modified_gmt":"2012-04-20T18:46:30","slug":"latinomerica-en-evento-sobre-gestion-de-centros-historicos","status":"publish","type":"post","link":"https:\/\/diariodominicano.com\/?p=65875","title":{"rendered":"&#13;&#13;Latinom\u00e9rica en evento sobre gesti\u00f3n de centros hist\u00f3ricos"},"content":{"rendered":"<p><body><\/p>\n<p><span class=\"text1noticias\">03:00 PM La Habana, 20 Abr 2012.- (PL) Arquitectos, ingenieros, restauradores y expectos en gesti\u00f3n y manejo de centros hist\u00f3ricos de Am\u00e9rica Latina y Europa participaran aqu\u00ed en el X encuentro de esa especialidad, del 15 al 18 de mayo pr\u00f3ximo.<\/span><\/p>\n<\/p>\n<p><span class=\"text1noticias\">La sostenibilidad econ\u00f3mica del centro hist\u00f3rico, una responsabilidad compartida es el tema central de la cita, dedicada en esta edici\u00f3n al aniversario 30 de la inclusi\u00f3n de La Habana Vieja y su sistema de fortificaciones en la lista del Patrimonio Mundial.<\/span><\/p>\n<\/p>\n<p><span class=\"text1noticias\">Especialistas de Ecuador, M\u00e9xico, Uruguay, Chile, Argentina, Brasil, Italia, Espa\u00f1a y Francia expondr\u00e1n sus experiencias y ofrecer\u00e1n conferencias magistrales sobre esta tem\u00e1tica, explic\u00f3 hoy en conferencia de prensa Patricia Rodr\u00edguez, presidenta del comit\u00e9 organizador.<\/span><\/p>\n<\/p>\n<p><span class=\"text1noticias\">Durante el encuentro se desarrollar\u00e1n varios talleres, entre ellos Las industrias culturales, en el cual se debatir\u00e1n aspectos como turismo, econom\u00edas creativas, gesti\u00f3n del conocimiento y desarrollo de las tecnolog\u00edas de la inform\u00e1tica y las comunicaciones.<\/span><\/p>\n<\/p>\n<p><span class=\"text1noticias\">Tambi\u00e9n las relaciones p\u00fablico privadas as\u00ed como los recursos econ\u00f3micos derivados del planeamiento y el suelo urbano ser\u00e1n objeto de an\u00e1lisis.<\/span><\/p>\n<\/p>\n<p><span class=\"text1noticias\">Como antesala a las sesiones acad\u00e9micas se efectuar\u00e1 un curso pre-encuentro, centrado en temas como la gesti\u00f3n urbana y conservaci\u00f3n patrimonial, desarrollo social y nuevas tecnolog\u00edas entre otros.<\/span><\/p>\n<\/p>\n<p><span class=\"text1noticias\">Auspiciado por el plan maestro para la rehabilitaci\u00f3n integral de La Habana Vieja, la Oficina Regional de Cultura para Am\u00e9rica Latina y el Caribe de la Unesco y el PNUD, el encuentro dedicada sus jornadas adem\u00e1s a las cuatro d\u00e9cadas de la Convenci\u00f3n sobre la protecci\u00f3n del Patrimonio Mundial Cultural y Natural.<\/span><\/p>\n<p><span class=\"text1noticias\"><strong><em><u>CG.<\/u><\/em><\/strong><\/span><\/p>\n<\/p>\n<h6> 2012-04-20 18:46:30 <\/h6>\n<p><!--\n<link rel=\"stylesheet\" href=\"css\/bootstrap.min.css\">\n\n\n<ul class=\"pagination\">\n\t    \n\t\n\n<li >\n\t<a href='?page_no=17552'>Previous<\/a>\n\t<\/li>\n\n\n       \n    \n\n<li><a href='?page_no=1'>1<\/a><\/li>\n\n\n\n<li><a href='?page_no=2'>2<\/a><\/li>\n\n\n\n<li><a>...<\/a><\/li>\n\n\n\n<li><a href='?page_no=17551'>17551<\/a><\/li>\n\n\n\n<li><a href='?page_no=17552'>17552<\/a><\/li>\n\n\n\n<li class='active'><a>17553<\/a><\/li>\n\n\n\n<li><a href='?page_no=17554'>17554<\/a><\/li>\n\n\n\n<li><a href='?page_no=17555'>17555<\/a><\/li>\n\n\n\n<li><a>...<\/a><\/li>\n\n\n\n<li><a href='?page_no=22911'>22911<\/a><\/li>\n\n\n\n<li><a href='?page_no=22912'>22912<\/a><\/li>\n\n    \n\t\n\n<li >\n\t<a href='?page_no=17554'>Next<\/a>\n\t<\/li>\n\n\n    \n\n<li><a href='?page_no=22912'>Last &rsaquo;&rsaquo;<\/a><\/li>\n\n<\/ul>\n\n\n--><br \/>\n<\/body><\/p>\n","protected":false},"excerpt":{"rendered":"<p>03:00 PM La Habana, 20 Abr 2012.- (PL) Arquitectos, ingenieros, restauradores y expectos en gesti\u00f3n y manejo de centros hist\u00f3ricos de Am\u00e9rica Latina y Europa participaran aqu\u00ed en el X encuentro de esa especialidad, del 15 al 18 de mayo pr\u00f3ximo. La sostenibilidad econ\u00f3mica del centro hist\u00f3rico, una responsabilidad compartida es el tema central de [&hellip;]<\/p>\n","protected":false},"author":3,"featured_media":0,"comment_status":"open","ping_status":"open","sticky":false,"template":"","format":"standard","meta":{"footnotes":""},"categories":[21],"tags":[],"class_list":["post-65875","post","type-post","status-publish","format-standard","hentry","category-cultura"],"_links":{"self":[{"href":"https:\/\/diariodominicano.com\/index.php?rest_route=\/wp\/v2\/posts\/65875","targetHints":{"allow":["GET"]}}],"collection":[{"href":"https:\/\/diariodominicano.com\/index.php?rest_route=\/wp\/v2\/posts"}],"about":[{"href":"https:\/\/diariodominicano.com\/index.php?rest_route=\/wp\/v2\/types\/post"}],"author":[{"embeddable":true,"href":"https:\/\/diariodominicano.com\/index.php?rest_route=\/wp\/v2\/users\/3"}],"replies":[{"embeddable":true,"href":"https:\/\/diariodominicano.com\/index.php?rest_route=%2Fwp%2Fv2%2Fcomments&post=65875"}],"version-history":[{"count":0,"href":"https:\/\/diariodominicano.com\/index.php?rest_route=\/wp\/v2\/posts\/65875\/revisions"}],"wp:attachment":[{"href":"https:\/\/diariodominicano.com\/index.php?rest_route=%2Fwp%2Fv2%2Fmedia&parent=65875"}],"wp:term":[{"taxonomy":"category","embeddable":true,"href":"https:\/\/diariodominicano.com\/index.php?rest_route=%2Fwp%2Fv2%2Fcategories&post=65875"},{"taxonomy":"post_tag","embeddable":true,"href":"https:\/\/diariodominicano.com\/index.php?rest_route=%2Fwp%2Fv2%2Ftags&post=65875"}],"curies":[{"name":"wp","href":"https:\/\/api.w.org\/{rel}","templated":true}]}}