{"id":65874,"date":"2012-04-20T20:25:40","date_gmt":"2012-04-20T20:25:40","guid":{"rendered":"http:\/\/diariodominicano.ddns.net\/?p=65874"},"modified":"2012-04-20T20:25:40","modified_gmt":"2012-04-20T20:25:40","slug":"continua-asistencia-de-estudiantes-a-la-xv-feria-internacional-del-libro","status":"publish","type":"post","link":"https:\/\/diariodominicano.com\/?p=65874","title":{"rendered":"&#13;Contin\u00faa asistencia de estudiantes a la XV Feria Internacional del Libro"},"content":{"rendered":"<p><body><\/p>\n<p><span class=\"text1noticias\">Santo Domingo RD 20 abril (4:29 pm).- Decenas de estudiantes contin\u00faan d\u00e1ndose cita en la  XV Feria Internacional del Libro (FIL), quienes se pasean y disfrutan de las actividades que se realizan en el lugar.<\/span><\/p>\n<\/p>\n<p><span class=\"text1noticias\">Sin embargo, este mediod\u00eda era notoria la poca asistencia de personas debido a que la feria apenas hace dos d\u00edas que fue inaugurada, aunque los stands de las diferentes librer\u00edas e instituciones ya est\u00e1n instalados ofreciendo sus libros a los lectores interesados.<\/span><\/p>\n<\/p>\n<p><span class=\"text1noticias\">En la Plaza de la Cultura Juan Pablo Duarte, donde se lleva a cabo la actividad, se observan los espacios dise\u00f1ados por las diferentes instituciones del pa\u00eds las cuales, cada a\u00f1o, se esmeran  para impresionar a los asistentes a esta fiesta.<\/span><\/p>\n<\/p>\n<p><span class=\"text1noticias\">Asimismo, durante la FIL, se llevan a cabo diferentes actividades como talleres, pel\u00edculas, foros, exposiciones, entre otros.<\/span><\/p>\n<\/p>\n<p><span class=\"text1noticias\">Entre las actividades del d\u00eda de hoy est\u00e1 la conferencia \u00abLa Magnotecnolog\u00eda: aplicaci\u00f3n a la Educaci\u00f3n Superior\u00bb, que se impartir\u00e1 a partir de las 3:00 de la tarde, en el Museo de Historia Natural, tambi\u00e9n a las 5:00 PM, en la Cinemateca Dominicana, se estar\u00e1 presentado la pel\u00edcula \u00abAmor y frijoles\u00bb, que pertenece al ciclo de cine de Centroam\u00e9rica, entre otras.<\/span><\/p>\n<\/p>\n<p><span class=\"text1noticias\">Esta fiesta cultural fue inaugurada el pasado d\u00eda 18 y este a\u00f1o est\u00e1 dedicada al poeta Enriquillo S\u00e1nchez, teniendo a Centroam\u00e9rica como invitada de honor. En la misma participan 28 pa\u00edses y 425 expositores y finalizar\u00e1 el seis de mayo pr\u00f3ximo.(AD)<\/span>.- <\/p>\n<h6> 2012-04-20 20:25:40 <\/h6>\n<p><!--\n<link rel=\"stylesheet\" href=\"css\/bootstrap.min.css\">\n\n\n<ul class=\"pagination\">\n\t    \n\t\n\n<li >\n\t<a href='?page_no=17551'>Previous<\/a>\n\t<\/li>\n\n\n       \n    \n\n<li><a href='?page_no=1'>1<\/a><\/li>\n\n\n\n<li><a href='?page_no=2'>2<\/a><\/li>\n\n\n\n<li><a>...<\/a><\/li>\n\n\n\n<li><a href='?page_no=17550'>17550<\/a><\/li>\n\n\n\n<li><a href='?page_no=17551'>17551<\/a><\/li>\n\n\n\n<li class='active'><a>17552<\/a><\/li>\n\n\n\n<li><a href='?page_no=17553'>17553<\/a><\/li>\n\n\n\n<li><a href='?page_no=17554'>17554<\/a><\/li>\n\n\n\n<li><a>...<\/a><\/li>\n\n\n\n<li><a href='?page_no=22911'>22911<\/a><\/li>\n\n\n\n<li><a href='?page_no=22912'>22912<\/a><\/li>\n\n    \n\t\n\n<li >\n\t<a href='?page_no=17553'>Next<\/a>\n\t<\/li>\n\n\n    \n\n<li><a href='?page_no=22912'>Last &rsaquo;&rsaquo;<\/a><\/li>\n\n<\/ul>\n\n\n--><br \/>\n<\/body><\/p>\n","protected":false},"excerpt":{"rendered":"<p>Santo Domingo RD 20 abril (4:29 pm).- Decenas de estudiantes contin\u00faan d\u00e1ndose cita en la XV Feria Internacional del Libro (FIL), quienes se pasean y disfrutan de las actividades que se realizan en el lugar. Sin embargo, este mediod\u00eda era notoria la poca asistencia de personas debido a que la feria apenas hace dos d\u00edas [&hellip;]<\/p>\n","protected":false},"author":3,"featured_media":0,"comment_status":"open","ping_status":"open","sticky":false,"template":"","format":"standard","meta":{"footnotes":""},"categories":[21],"tags":[],"class_list":["post-65874","post","type-post","status-publish","format-standard","hentry","category-cultura"],"_links":{"self":[{"href":"https:\/\/diariodominicano.com\/index.php?rest_route=\/wp\/v2\/posts\/65874","targetHints":{"allow":["GET"]}}],"collection":[{"href":"https:\/\/diariodominicano.com\/index.php?rest_route=\/wp\/v2\/posts"}],"about":[{"href":"https:\/\/diariodominicano.com\/index.php?rest_route=\/wp\/v2\/types\/post"}],"author":[{"embeddable":true,"href":"https:\/\/diariodominicano.com\/index.php?rest_route=\/wp\/v2\/users\/3"}],"replies":[{"embeddable":true,"href":"https:\/\/diariodominicano.com\/index.php?rest_route=%2Fwp%2Fv2%2Fcomments&post=65874"}],"version-history":[{"count":0,"href":"https:\/\/diariodominicano.com\/index.php?rest_route=\/wp\/v2\/posts\/65874\/revisions"}],"wp:attachment":[{"href":"https:\/\/diariodominicano.com\/index.php?rest_route=%2Fwp%2Fv2%2Fmedia&parent=65874"}],"wp:term":[{"taxonomy":"category","embeddable":true,"href":"https:\/\/diariodominicano.com\/index.php?rest_route=%2Fwp%2Fv2%2Fcategories&post=65874"},{"taxonomy":"post_tag","embeddable":true,"href":"https:\/\/diariodominicano.com\/index.php?rest_route=%2Fwp%2Fv2%2Ftags&post=65874"}],"curies":[{"name":"wp","href":"https:\/\/api.w.org\/{rel}","templated":true}]}}