{"id":65873,"date":"2012-04-20T22:01:13","date_gmt":"2012-04-20T22:01:13","guid":{"rendered":"http:\/\/diariodominicano.ddns.net\/?p=65873"},"modified":"2012-04-20T22:01:13","modified_gmt":"2012-04-20T22:01:13","slug":"comisionado-de-justicia-inauguro-stand-feria-del-libro","status":"publish","type":"post","link":"https:\/\/diariodominicano.com\/?p=65873","title":{"rendered":"&#13;Comisionado de Justicia inaugur\u00f3 stand Feria del Libro"},"content":{"rendered":"<p><body><\/p>\n<p><img decoding=\"async\" src=\"img3\/COMISIONADO DE JUSTICIA FERIA 2012.JPG\" \/>  <\/p>\n<p><span class=\"text1noticias\">06:10 PM SANTO DOMINGO, RD, 20 Abr 2012.-El Comisionado de Apoyo a la Reforma y Modernizaci\u00f3n de la Justicia (CARMJ) inaugur\u00f3 su stand en la XV Feria Internacional del Libro 2012, el cual est\u00e1 dedicado a la Constituci\u00f3n y puso en circulaci\u00f3n 20 obras de las doctrinas jur\u00eddicas publicadas por la instituci\u00f3n.<\/span><\/p>\n<\/p>\n<p><span class=\"text1noticias\">El acto estuvo presidido por el Comisionado de Justicia, doctor Perfecto Acosta Suriel y la directora ejecutiva del CARMJ, la licenciada Marien Montero Beard, adem\u00e1s, de los coordinadores de cada \u00e1rea de trabajo de la instituci\u00f3n.<\/span><\/p>\n<\/p>\n<p><span class=\"text1noticias\">El programa a desarrollarse, durante la celebraci\u00f3n de la VX Feria Internacional del Libro Santo Domingo 2012, abarca una serie de importantes conferencias, charlas y talleres sobre distintos aspectos del Sistema de Justicia y del Modelo de Gesti\u00f3n Penitenciario, a cargo de profesionales en cada una de las \u00e1reas.<\/span><\/p>\n<\/p>\n<p><span class=\"text1noticias\">Las obras presentadas son: \u00abMemorias del VII Encuentro Iberoamericano de Derecho Procesal Constitucional\u00bb, \u00abPropuesta de Reforma Legislativa en el Sector Justicia\u00bb, \u00abCompendio de las Normativas de la Segunda Ola de Reformas institucionales en el Sector Justicia\u00bb, \u00abConstituci\u00f3n Concordada\u00bb, \u00abSeminario Internacional sobre la Jurisdiccional Constitucional\u00bb, \u00abAnteproyecto de Ley de Derechos de los Ciudadanos en sus relaciones con la Administraci\u00f3n P\u00fablica y de Procedimiento Administrativo\u00bb, \u00abReforma Procesal Penal: Cinco a\u00f1os de Implementaci\u00f3n\u00bb, \u00abTutela Judicial, Derechos Humanos y Privaci\u00f3n de Libertad\u00bb, \u00abLey 72-02 y sus modificaciones\u00bb y \u00abLavado de Activos en la Rep\u00fablica Dominicana\u00bb.<\/span><\/p>\n<\/p>\n<p><span class=\"text1noticias\">Tambi\u00e9n, \u00abLas Declaraciones del Imputado\u00bb, \u00abEl Registrador de T\u00edtulos en Perspectivas\u00bb, \u00abEl Derecho Familiar en la Rep\u00fablica Dominicana\u00bb, \u00abInseguridad Cuidadana\u00bb, \u00abJusticia Penal de la persona Adolescente: Mitos y Realidades\u00bb, \u00abJusticia Penal de la persona Adolescente en conflicto con Ley Penal\u00bb; \u00abViolencia en los y las Adolescentes\u00bb, \u00abIntervenci\u00f3n con Ni\u00f1os, Ni\u00f1as y Adolescentes V\u00edctimas de Desastre\u00bb, \u00abPol\u00edticas de Atenci\u00f3n y Protecci\u00f3n a V\u00edctimas: Memorias del 3er. Seminario Internacional de Victimolog\u00eda\u00bb, \u00abDirectorio Nacional de V\u00edctimas\u00bb y \u00abAnteproyecto de Ley Correccional\u00bb.<\/span><\/p>\n<\/p>\n<p><span class=\"text1noticias\">El stand del CARMJ est\u00e1 ubicado en la entrada peatonal de la calle Pedro Henr\u00edquez Ure\u00f1a, pr\u00f3ximo al Museo del Hombre Dominicano (Frente a La Maternidad).<\/span><\/p>\n<\/p>\n<p><strong><em><u><span class=\"text1noticias\">CG.<\/span><\/u><\/em><\/strong><\/p>\n<\/p>\n<h6> 2012-04-20 22:01:13 <\/h6>\n<p><!--\n<link rel=\"stylesheet\" href=\"css\/bootstrap.min.css\">\n\n\n<ul class=\"pagination\">\n\t    \n\t\n\n<li >\n\t<a href='?page_no=17550'>Previous<\/a>\n\t<\/li>\n\n\n       \n    \n\n<li><a href='?page_no=1'>1<\/a><\/li>\n\n\n\n<li><a href='?page_no=2'>2<\/a><\/li>\n\n\n\n<li><a>...<\/a><\/li>\n\n\n\n<li><a href='?page_no=17549'>17549<\/a><\/li>\n\n\n\n<li><a href='?page_no=17550'>17550<\/a><\/li>\n\n\n\n<li class='active'><a>17551<\/a><\/li>\n\n\n\n<li><a href='?page_no=17552'>17552<\/a><\/li>\n\n\n\n<li><a href='?page_no=17553'>17553<\/a><\/li>\n\n\n\n<li><a>...<\/a><\/li>\n\n\n\n<li><a href='?page_no=22911'>22911<\/a><\/li>\n\n\n\n<li><a href='?page_no=22912'>22912<\/a><\/li>\n\n    \n\t\n\n<li >\n\t<a href='?page_no=17552'>Next<\/a>\n\t<\/li>\n\n\n    \n\n<li><a href='?page_no=22912'>Last &rsaquo;&rsaquo;<\/a><\/li>\n\n<\/ul>\n\n\n--><br \/>\n<\/body><\/p>\n","protected":false},"excerpt":{"rendered":"<p>06:10 PM SANTO DOMINGO, RD, 20 Abr 2012.-El Comisionado de Apoyo a la Reforma y Modernizaci\u00f3n de la Justicia (CARMJ) inaugur\u00f3 su stand en la XV Feria Internacional del Libro 2012, el cual est\u00e1 dedicado a la Constituci\u00f3n y puso en circulaci\u00f3n 20 obras de las doctrinas jur\u00eddicas publicadas por la instituci\u00f3n. El acto estuvo [&hellip;]<\/p>\n","protected":false},"author":3,"featured_media":0,"comment_status":"open","ping_status":"open","sticky":false,"template":"","format":"standard","meta":{"footnotes":""},"categories":[21],"tags":[],"class_list":["post-65873","post","type-post","status-publish","format-standard","hentry","category-cultura"],"_links":{"self":[{"href":"https:\/\/diariodominicano.com\/index.php?rest_route=\/wp\/v2\/posts\/65873","targetHints":{"allow":["GET"]}}],"collection":[{"href":"https:\/\/diariodominicano.com\/index.php?rest_route=\/wp\/v2\/posts"}],"about":[{"href":"https:\/\/diariodominicano.com\/index.php?rest_route=\/wp\/v2\/types\/post"}],"author":[{"embeddable":true,"href":"https:\/\/diariodominicano.com\/index.php?rest_route=\/wp\/v2\/users\/3"}],"replies":[{"embeddable":true,"href":"https:\/\/diariodominicano.com\/index.php?rest_route=%2Fwp%2Fv2%2Fcomments&post=65873"}],"version-history":[{"count":0,"href":"https:\/\/diariodominicano.com\/index.php?rest_route=\/wp\/v2\/posts\/65873\/revisions"}],"wp:attachment":[{"href":"https:\/\/diariodominicano.com\/index.php?rest_route=%2Fwp%2Fv2%2Fmedia&parent=65873"}],"wp:term":[{"taxonomy":"category","embeddable":true,"href":"https:\/\/diariodominicano.com\/index.php?rest_route=%2Fwp%2Fv2%2Fcategories&post=65873"},{"taxonomy":"post_tag","embeddable":true,"href":"https:\/\/diariodominicano.com\/index.php?rest_route=%2Fwp%2Fv2%2Ftags&post=65873"}],"curies":[{"name":"wp","href":"https:\/\/api.w.org\/{rel}","templated":true}]}}