{"id":65872,"date":"2012-04-21T19:14:03","date_gmt":"2012-04-21T19:14:03","guid":{"rendered":"http:\/\/diariodominicano.ddns.net\/?p=65872"},"modified":"2012-04-21T19:14:03","modified_gmt":"2012-04-21T19:14:03","slug":"presidente-fernandez-encabeza-puesta-en-circulacion-de-libro-franklyn-almeyda","status":"publish","type":"post","link":"https:\/\/diariodominicano.com\/?p=65872","title":{"rendered":"Presidente Fern\u00e1ndez encabeza puesta en circulaci\u00f3n de libro Franklyn Almeyda"},"content":{"rendered":"<p><body><\/p>\n<p><img decoding=\"async\" src=\"img3\/pdtehabla.JPG\" \/><br \/><img decoding=\"async\" src=\"img3\/libro.JPG\" \/><br \/><img decoding=\"async\" src=\"http:\/\/localhost:8080\/img3\/compa%C3%83%C2%B1ia.JPG\" \/>  <\/p>\n<p><span class=\"text1noticias\">Rep.Dom. 21 de Abril 03:15 P.M.-El presidente Leonel Fern\u00e1ndez encabez\u00f3  la puesta en circulaci\u00f3n  del libro \u00abEl PLD y las Fuerzas Sociales\u00bb de la autor\u00eda de Franklin Almeyda Rancier, en la Sala Principal del Teatro Nacional durante la  Feria Internacional del Libro 2012.<\/span><\/p>\n<\/p>\n<p><span class=\"text1noticias\">Durante la actividad, el primer mandatario resalt\u00f3 el esfuerzo de Almeyda al escribir esta obra, basada en el pensamiento pol\u00edtico del profesor Juan Bosch. Luego de felicitar al escritor, dijo que este libro provoca el debate de las ideas.<\/span><\/p>\n<\/p>\n<p><span class=\"text1noticias\">Se\u00f1al\u00f3 que la articulaci\u00f3n del libro tiene mucho que ver con la ense\u00f1anza del profesor Bosch y manifest\u00f3 que la historia de formaci\u00f3n del ex presidente, tiene que ver mucho con su residencia en Cuba, donde vivi\u00f3 durante 25 a\u00f1os, se cas\u00f3 con la cubana, Carmen Quidiello de Bosch, y all\u00ed procre\u00f3 dos hijos.<\/span><\/p>\n<\/p>\n<p><span class=\"text1noticias\">En su exposici\u00f3n, Fern\u00e1ndez destac\u00f3 la estabilidad y el crecimiento econ\u00f3mico de la Rep\u00fablica durante los gobiernos del partido oficial.<\/span><\/p>\n<\/p>\n<p><span class=\"text1noticias\">Asegur\u00f3 que esta organizaci\u00f3n siempre ha sido coherente con la historia y el desarrollo del pa\u00eds.<\/span><\/p>\n<\/p>\n<p><span class=\"text1noticias\">El mandatario manifest\u00f3 que una pr\u00f3xima gesti\u00f3n de gobierno, ser\u00e1 para consolidar los logros de estos \u00faltimos mandatos, para luego pasar a una etapa de mayor desarrollo econ\u00f3mico. Al finalizar el acto el jefe de Estado recibi\u00f3 un ejemplar de la obra, de manos de Almeyda.<\/span><\/p>\n<\/p>\n<p><span class=\"text1noticias\">En la actividad que se realiz\u00f3 en la Sala Carlos Piantini del Teatro Nacional, tambi\u00e9n hablaron el vicepresidente de la Rep\u00fablica, doctor Rafael Alburquerque; el presidente del Senado, Reinaldo Pared P\u00e9rez; el ministro de la Presidencia, C\u00e9sar Pina Toribio, esposa del autor, Josefina P\u00e9rez Gavi\u00f1o, el artista pl\u00e1stico Miguel N\u00fa\u00f1ez, dise\u00f1ador de la portada del libro, el editor Denis Mota y el hijo de Fidel Castro, Fidel Castro D\u00edaz-Balart.<\/span><\/p>\n<\/p>\n<p><span class=\"text1noticias\">Todos coincidieron en se\u00f1alar la magnitud y grandeza de la obra, as\u00ed como el esfuerzo de autor para basarla en el registro del pensamiento de Bosch.<\/span><\/p>\n<\/p>\n<p><span class=\"text1noticias\">\u00abEl PLD y las Fuerzas Sociales\u00bb es un testimonio sobre el origen y desarrollo del partido de gobierno, en el cual se demuestran eventos como los esfuerzos del profesor Juan Bosch y los dirigentes que le acompa\u00f1aron.<\/span><\/p>\n<\/p>\n<p><span class=\"text1noticias\">Los comentarios in\u00edciales del libro, estuvieron a cargo del doctor C\u00e9sar Pina Toribio, ministro de la Presidencia y miembro del Comit\u00e9 Pol\u00edtico del Partido de la Liberaci\u00f3n Dominicana.(HG)<\/span>.<\/p>\n<h6> 2012-04-21 19:14:03 <\/h6>\n<p><!--\n<link rel=\"stylesheet\" href=\"css\/bootstrap.min.css\">\n\n\n<ul class=\"pagination\">\n\t    \n\t\n\n<li >\n\t<a href='?page_no=17549'>Previous<\/a>\n\t<\/li>\n\n\n       \n    \n\n<li><a href='?page_no=1'>1<\/a><\/li>\n\n\n\n<li><a href='?page_no=2'>2<\/a><\/li>\n\n\n\n<li><a>...<\/a><\/li>\n\n\n\n<li><a href='?page_no=17548'>17548<\/a><\/li>\n\n\n\n<li><a href='?page_no=17549'>17549<\/a><\/li>\n\n\n\n<li class='active'><a>17550<\/a><\/li>\n\n\n\n<li><a href='?page_no=17551'>17551<\/a><\/li>\n\n\n\n<li><a href='?page_no=17552'>17552<\/a><\/li>\n\n\n\n<li><a>...<\/a><\/li>\n\n\n\n<li><a href='?page_no=22911'>22911<\/a><\/li>\n\n\n\n<li><a href='?page_no=22912'>22912<\/a><\/li>\n\n    \n\t\n\n<li >\n\t<a href='?page_no=17551'>Next<\/a>\n\t<\/li>\n\n\n    \n\n<li><a href='?page_no=22912'>Last &rsaquo;&rsaquo;<\/a><\/li>\n\n<\/ul>\n\n\n--><br \/>\n<\/body><\/p>\n","protected":false},"excerpt":{"rendered":"<p>Rep.Dom. 21 de Abril 03:15 P.M.-El presidente Leonel Fern\u00e1ndez encabez\u00f3 la puesta en circulaci\u00f3n del libro \u00abEl PLD y las Fuerzas Sociales\u00bb de la autor\u00eda de Franklin Almeyda Rancier, en la Sala Principal del Teatro Nacional durante la Feria Internacional del Libro 2012. Durante la actividad, el primer mandatario resalt\u00f3 el esfuerzo de Almeyda al [&hellip;]<\/p>\n","protected":false},"author":3,"featured_media":0,"comment_status":"open","ping_status":"open","sticky":false,"template":"","format":"standard","meta":{"footnotes":""},"categories":[21],"tags":[],"class_list":["post-65872","post","type-post","status-publish","format-standard","hentry","category-cultura"],"_links":{"self":[{"href":"https:\/\/diariodominicano.com\/index.php?rest_route=\/wp\/v2\/posts\/65872","targetHints":{"allow":["GET"]}}],"collection":[{"href":"https:\/\/diariodominicano.com\/index.php?rest_route=\/wp\/v2\/posts"}],"about":[{"href":"https:\/\/diariodominicano.com\/index.php?rest_route=\/wp\/v2\/types\/post"}],"author":[{"embeddable":true,"href":"https:\/\/diariodominicano.com\/index.php?rest_route=\/wp\/v2\/users\/3"}],"replies":[{"embeddable":true,"href":"https:\/\/diariodominicano.com\/index.php?rest_route=%2Fwp%2Fv2%2Fcomments&post=65872"}],"version-history":[{"count":0,"href":"https:\/\/diariodominicano.com\/index.php?rest_route=\/wp\/v2\/posts\/65872\/revisions"}],"wp:attachment":[{"href":"https:\/\/diariodominicano.com\/index.php?rest_route=%2Fwp%2Fv2%2Fmedia&parent=65872"}],"wp:term":[{"taxonomy":"category","embeddable":true,"href":"https:\/\/diariodominicano.com\/index.php?rest_route=%2Fwp%2Fv2%2Fcategories&post=65872"},{"taxonomy":"post_tag","embeddable":true,"href":"https:\/\/diariodominicano.com\/index.php?rest_route=%2Fwp%2Fv2%2Ftags&post=65872"}],"curies":[{"name":"wp","href":"https:\/\/api.w.org\/{rel}","templated":true}]}}