{"id":65871,"date":"2012-04-21T19:38:01","date_gmt":"2012-04-21T19:38:01","guid":{"rendered":"http:\/\/diariodominicano.ddns.net\/?p=65871"},"modified":"2012-04-21T19:38:01","modified_gmt":"2012-04-21T19:38:01","slug":"poder-ejecutivo-realiza-taller-sobre-el-estado-dominicano-frente-al-arbitraje-de-contrato","status":"publish","type":"post","link":"https:\/\/diariodominicano.com\/?p=65871","title":{"rendered":"Poder Ejecutivo realiza \u00abtaller sobre el Estado Dominicano Frente al Arbitraje de Contrato\u00bb"},"content":{"rendered":"<p><body><\/p>\n<p><span class=\"text1noticias\">Rep.Dom. 21 de Abril 03:40 P.M.-La Consultor\u00eda Jur\u00eddica del Poder Ejecutivo encabezada por su titular, doctor Abel Rodr\u00edguez del Orbe, realiz\u00f3 este viernes un \u00abtaller conversatorio\u00bb sobre el Estado Dominicano Frente al Arbitraje de Contrato impartido por expertos en arbitraje internacional.<\/span><\/p>\n<\/p>\n<p><span class=\"text1noticias\">En la actividad educativa participaron igualmente consultores de las distintas instituciones del Estado.<\/span><\/p>\n<p><span class=\"text1noticias\">La finalidad del evento fue analizar la inclusi\u00f3n de cl\u00e1usulas arbitrales en los contratos futuros en los que el Estado tenga participaci\u00f3n.<\/span><\/p>\n<\/p>\n<p><span class=\"text1noticias\">La doctora Leidylin Contreras, de la Consultor\u00eda Jur\u00eddica del Poder Ejecutivo, quien pronunci\u00f3 las palabras introductorias del taller destac\u00f3 la importancia del arbitraje comercial para la Rep\u00fablica Dominicana.<\/span><\/p>\n<\/p>\n<p><span class=\"text1noticias\">Cit\u00f3 que uno de los objetivos principales a tomar en cuenta es c\u00f3mo eficientizar la labor del Estado ante el conocimiento correcto de los pasos que hay que dar en relaci\u00f3n a la firma de contratos con la inclusi\u00f3n de cl\u00e1usulas de arbitrajes.<\/span><\/p>\n<\/p>\n<p><span class=\"text1noticias\">El conversatorio?taller, fue dirigido por el experto en arbitraje internacional, doctor Jos\u00e9 Carlos Fern\u00e1ndez Roza, licenciado en Derecho de la Universidad de Oviedo, Espa\u00f1a.<\/span><\/p>\n<\/p>\n<p><span class=\"text1noticias\">Participaron tambi\u00e9n como expositores los doctores Bertrand Ancel; V\u00edctor Fuentes Camacho, Gonzalo Stampa, Pedro de Miguel Asencio y Judd Kessler, todos expertos graduados en las Universidades Complutense de Madrid y de Paris.<\/span><\/p>\n<\/p>\n<p><span class=\"text1noticias\">En el evento que se desarroll\u00f3 en el Sal\u00f3n Los Trinitarios del Palacio Nacional participaron consultores jur\u00eddicos de los ministerios Administrativo de la Presidencia; de Obras P\u00fablicas, Salud P\u00fablica y Asistencia Social, Industria y Comercio, Turismo, Econom\u00eda, Planificaci\u00f3n y Desarrollo, Interior y Polic\u00eda y de las Fuerzas Armadas.<\/span><\/p>\n<\/p>\n<p><span class=\"text1noticias\">Tambi\u00e9n el ministerio de Medio Ambiente y Recursos Naturales; Agricultura, Hacienda, Trabajo, Educaci\u00f3n, Direcci\u00f3n General de Contrataciones, Contralor\u00eda General de la Rep\u00fablica, Procuradur\u00eda General de la Rep\u00fablica, Oficina de Obras Supervisoras del Estado y la Direcci\u00f3n General de Impuestos Internos.<\/span><\/p>\n<\/p>\n<p><span class=\"text1noticias\">Adem\u00e1s de la Direcci\u00f3n General de Aduanas; Corporaci\u00f3n Dominicana de Empresas El\u00e9ctricas Estatales, Oficina para el Reordenamiento del Transporte, Despacho de la Primera Dama y de los Institutos Nacional de Aguas Potables y Alcantarillados, Aviaci\u00f3n Civil y de Recursos Hidr\u00e1ulicos.(HG)<\/span>,<\/p>\n<h6> 2012-04-21 19:38:01 <\/h6>\n<p><!--\n<link rel=\"stylesheet\" href=\"css\/bootstrap.min.css\">\n\n\n<ul class=\"pagination\">\n\t    \n\t\n\n<li >\n\t<a href='?page_no=17548'>Previous<\/a>\n\t<\/li>\n\n\n       \n    \n\n<li><a href='?page_no=1'>1<\/a><\/li>\n\n\n\n<li><a href='?page_no=2'>2<\/a><\/li>\n\n\n\n<li><a>...<\/a><\/li>\n\n\n\n<li><a href='?page_no=17547'>17547<\/a><\/li>\n\n\n\n<li><a href='?page_no=17548'>17548<\/a><\/li>\n\n\n\n<li class='active'><a>17549<\/a><\/li>\n\n\n\n<li><a href='?page_no=17550'>17550<\/a><\/li>\n\n\n\n<li><a href='?page_no=17551'>17551<\/a><\/li>\n\n\n\n<li><a>...<\/a><\/li>\n\n\n\n<li><a href='?page_no=22911'>22911<\/a><\/li>\n\n\n\n<li><a href='?page_no=22912'>22912<\/a><\/li>\n\n    \n\t\n\n<li >\n\t<a href='?page_no=17550'>Next<\/a>\n\t<\/li>\n\n\n    \n\n<li><a href='?page_no=22912'>Last &rsaquo;&rsaquo;<\/a><\/li>\n\n<\/ul>\n\n\n--><br \/>\n<\/body><\/p>\n","protected":false},"excerpt":{"rendered":"<p>Rep.Dom. 21 de Abril 03:40 P.M.-La Consultor\u00eda Jur\u00eddica del Poder Ejecutivo encabezada por su titular, doctor Abel Rodr\u00edguez del Orbe, realiz\u00f3 este viernes un \u00abtaller conversatorio\u00bb sobre el Estado Dominicano Frente al Arbitraje de Contrato impartido por expertos en arbitraje internacional. En la actividad educativa participaron igualmente consultores de las distintas instituciones del Estado. La [&hellip;]<\/p>\n","protected":false},"author":3,"featured_media":0,"comment_status":"open","ping_status":"open","sticky":false,"template":"","format":"standard","meta":{"footnotes":""},"categories":[21],"tags":[],"class_list":["post-65871","post","type-post","status-publish","format-standard","hentry","category-cultura"],"_links":{"self":[{"href":"https:\/\/diariodominicano.com\/index.php?rest_route=\/wp\/v2\/posts\/65871","targetHints":{"allow":["GET"]}}],"collection":[{"href":"https:\/\/diariodominicano.com\/index.php?rest_route=\/wp\/v2\/posts"}],"about":[{"href":"https:\/\/diariodominicano.com\/index.php?rest_route=\/wp\/v2\/types\/post"}],"author":[{"embeddable":true,"href":"https:\/\/diariodominicano.com\/index.php?rest_route=\/wp\/v2\/users\/3"}],"replies":[{"embeddable":true,"href":"https:\/\/diariodominicano.com\/index.php?rest_route=%2Fwp%2Fv2%2Fcomments&post=65871"}],"version-history":[{"count":0,"href":"https:\/\/diariodominicano.com\/index.php?rest_route=\/wp\/v2\/posts\/65871\/revisions"}],"wp:attachment":[{"href":"https:\/\/diariodominicano.com\/index.php?rest_route=%2Fwp%2Fv2%2Fmedia&parent=65871"}],"wp:term":[{"taxonomy":"category","embeddable":true,"href":"https:\/\/diariodominicano.com\/index.php?rest_route=%2Fwp%2Fv2%2Fcategories&post=65871"},{"taxonomy":"post_tag","embeddable":true,"href":"https:\/\/diariodominicano.com\/index.php?rest_route=%2Fwp%2Fv2%2Ftags&post=65871"}],"curies":[{"name":"wp","href":"https:\/\/api.w.org\/{rel}","templated":true}]}}