{"id":65870,"date":"2012-04-22T16:42:47","date_gmt":"2012-04-22T16:42:47","guid":{"rendered":"http:\/\/diariodominicano.ddns.net\/?p=65870"},"modified":"2012-04-22T16:42:47","modified_gmt":"2012-04-22T16:42:47","slug":"indotel-impartira-curso-basicos-de-informatica-a-mas-de-ocho-mil-jovenes","status":"publish","type":"post","link":"https:\/\/diariodominicano.com\/?p=65870","title":{"rendered":"&#13;INDOTEL impartir\u00e1 curso b\u00e1sicos de inform\u00e1tica a m\u00e1s de ocho mil j\u00f3venes"},"content":{"rendered":"<p><body><\/p>\n<p>Santo Domingo RD 22 abril (12:40 pm).- El Instituto Dominicano de las Telecomunicaciones (INDOTEL) impartir\u00e1 cursos b\u00e1sicos de inform\u00e1tica a m\u00e1s de ocho mil j\u00f3venes, como parte de los atractivos del pabell\u00f3n del en la XV Feria Internacional del Libro.<\/p>\n<\/p>\n<p>INDOTEL planea impartir 41 cursos de capacitaci\u00f3n en inform\u00e1tica a personas con alguna discapacidad, ser\u00e1n impartidos por el no vidente Miguel Gull\u00f3n, quien es profesional del \u00e1rea de la inform\u00e1tica.<\/p>\n<\/p>\n<p>Esto lo har\u00e1 en alianza con el Consejo Nacional de Discapacidad (CONADIS); el Patronato Nacional de Ciegos; la Asociaci\u00f3n Dominicana de Rehabilitaci\u00f3n (ADR); el Centro Integral de Ense\u00f1anza Especializada, el Arca Dominicana; la Fundaci\u00f3n Delia Su\u00e1rez Berruti; el Instituto de Educaci\u00f3n Especial; la Fundaci\u00f3n Dominicana de Autismo y la Escuelita Rayos de Sol.<\/p>\n<\/p>\n<p>Igualmente el stand del INDOTEL ofrecer\u00e1 facilidades a usuarios para el acceso a las Tecnolog\u00edas de la Informaci\u00f3n y la Comunicaci\u00f3n (TIC), mostrar\u00e1 mediante im\u00e1genes y audiovisuales  los proyectos y logros del sector de las telecomunicaciones durante los primeros doce a\u00f1os de este siglo.<\/p>\n<\/p>\n<p>En las aulas, con capacidad para 20 personas cada una, se imparten cursos b\u00e1sicos de inform\u00e1tica, tales como Internet, Power Point, Word, Excell e Introducci\u00f3n a las Redes Sociales, a cargo de profesores del Instituto Tecnol\u00f3gico de las Am\u00e9ricas (ITLA) y especialistas en capacitaci\u00f3n a personas que viven con alguna discapacidad.<\/p>\n<\/p>\n<p>Tambi\u00e9n, se promocionan  visitas al Centro Cultural de las Telecomunicaciones (CCT), ubicado en la calle Isabel La Cat\u00f3lica esquina Emiliano Tejera, de la Ciudad Colonial.<\/p>\n<\/p>\n<p>Por: Redacci\u00f3n<\/p>\n<\/p>\n<\/p>\n<\/p>\n<p>Noticias M\u00e1s Visitadas<\/p>\n<p>Onamet dice habr\u00e1 lluvias dispersas, tronadas y r\u00e1fagas de viento en gran par&#8230;<\/p>\n<p>Polic\u00eda apresa en Cotu\u00ed a cuatro presuntos narcos <\/p>\n<p>La Z te oye&#8230; Denuncian Odebrecht incumple promesa a residentes de Villa Per&#8230;<\/p>\n<p>La madre reconoce cad\u00e1ver encontrado en r\u00edo Isabela es el de su hijo<\/p>\n<p>Hija busca padre desaparecido hace tres meses<\/p>\n<p>Fiscal\u00eda cita a Pepe Goico para el lunes<\/p>\n<p>Polic\u00eda Nacional identifica asesino del ingeniero Turull Duluc<\/p>\n<p>INDOTEL impartir\u00e1 curso b\u00e1sicos de inform\u00e1tica a m\u00e1s de ocho mil j\u00f3venes<\/p>\n<p>Organizan Primer Simposio sobre Extensi\u00f3n de Cobertura<\/p>\n<p>Revista Time resalta las transacciones de F\u00e9lix Bautista en Hait\u00ed&amp;n&#8230;<\/p>\n<\/p>\n<h6> 2012-04-22 16:42:47 <\/h6>\n<p><!--\n<link rel=\"stylesheet\" href=\"css\/bootstrap.min.css\">\n\n\n<ul class=\"pagination\">\n\t    \n\t\n\n<li >\n\t<a href='?page_no=17547'>Previous<\/a>\n\t<\/li>\n\n\n       \n    \n\n<li><a href='?page_no=1'>1<\/a><\/li>\n\n\n\n<li><a href='?page_no=2'>2<\/a><\/li>\n\n\n\n<li><a>...<\/a><\/li>\n\n\n\n<li><a href='?page_no=17546'>17546<\/a><\/li>\n\n\n\n<li><a href='?page_no=17547'>17547<\/a><\/li>\n\n\n\n<li class='active'><a>17548<\/a><\/li>\n\n\n\n<li><a href='?page_no=17549'>17549<\/a><\/li>\n\n\n\n<li><a href='?page_no=17550'>17550<\/a><\/li>\n\n\n\n<li><a>...<\/a><\/li>\n\n\n\n<li><a href='?page_no=22911'>22911<\/a><\/li>\n\n\n\n<li><a href='?page_no=22912'>22912<\/a><\/li>\n\n    \n\t\n\n<li >\n\t<a href='?page_no=17549'>Next<\/a>\n\t<\/li>\n\n\n    \n\n<li><a href='?page_no=22912'>Last &rsaquo;&rsaquo;<\/a><\/li>\n\n<\/ul>\n\n\n--><br \/>\n<\/body><\/p>\n","protected":false},"excerpt":{"rendered":"<p>Santo Domingo RD 22 abril (12:40 pm).- El Instituto Dominicano de las Telecomunicaciones (INDOTEL) impartir\u00e1 cursos b\u00e1sicos de inform\u00e1tica a m\u00e1s de ocho mil j\u00f3venes, como parte de los atractivos del pabell\u00f3n del en la XV Feria Internacional del Libro. INDOTEL planea impartir 41 cursos de capacitaci\u00f3n en inform\u00e1tica a personas con alguna discapacidad, ser\u00e1n [&hellip;]<\/p>\n","protected":false},"author":3,"featured_media":0,"comment_status":"open","ping_status":"open","sticky":false,"template":"","format":"standard","meta":{"footnotes":""},"categories":[21],"tags":[],"class_list":["post-65870","post","type-post","status-publish","format-standard","hentry","category-cultura"],"_links":{"self":[{"href":"https:\/\/diariodominicano.com\/index.php?rest_route=\/wp\/v2\/posts\/65870","targetHints":{"allow":["GET"]}}],"collection":[{"href":"https:\/\/diariodominicano.com\/index.php?rest_route=\/wp\/v2\/posts"}],"about":[{"href":"https:\/\/diariodominicano.com\/index.php?rest_route=\/wp\/v2\/types\/post"}],"author":[{"embeddable":true,"href":"https:\/\/diariodominicano.com\/index.php?rest_route=\/wp\/v2\/users\/3"}],"replies":[{"embeddable":true,"href":"https:\/\/diariodominicano.com\/index.php?rest_route=%2Fwp%2Fv2%2Fcomments&post=65870"}],"version-history":[{"count":0,"href":"https:\/\/diariodominicano.com\/index.php?rest_route=\/wp\/v2\/posts\/65870\/revisions"}],"wp:attachment":[{"href":"https:\/\/diariodominicano.com\/index.php?rest_route=%2Fwp%2Fv2%2Fmedia&parent=65870"}],"wp:term":[{"taxonomy":"category","embeddable":true,"href":"https:\/\/diariodominicano.com\/index.php?rest_route=%2Fwp%2Fv2%2Fcategories&post=65870"},{"taxonomy":"post_tag","embeddable":true,"href":"https:\/\/diariodominicano.com\/index.php?rest_route=%2Fwp%2Fv2%2Ftags&post=65870"}],"curies":[{"name":"wp","href":"https:\/\/api.w.org\/{rel}","templated":true}]}}