{"id":65868,"date":"2012-04-22T18:31:31","date_gmt":"2012-04-22T18:31:31","guid":{"rendered":"http:\/\/diariodominicano.ddns.net\/?p=65868"},"modified":"2012-04-22T18:31:31","modified_gmt":"2012-04-22T18:31:31","slug":"alcaldia-sdn-dispone-restaurar-santuario-congos-de-villa-mella","status":"publish","type":"post","link":"https:\/\/diariodominicano.com\/?p=65868","title":{"rendered":"Alcald\u00eda SDN dispone restaurar santuario Congos de Villa Mella"},"content":{"rendered":"<p><body><\/p>\n<p><img decoding=\"async\" src=\"img3\/cofradia.JPG\" \/>  <\/p>\n<p><span class=\"text1noticias\">Rep. Dom. 22 de Abril 02:35 P.M.- Francisco Fern\u00e1ndez, alcalde de Santo Domingo Norte, anunci\u00f3 la restauraci\u00f3n y embellecimiento de las instalaciones que sirven de santuario donde tradicionalmente se celebran los festivales religiosos culturales de la Cofrad\u00eda de los Congos del Esp\u00edritu Santo de Villa Mella, localizado en la comunidad de Mata los Indios de ese municipio.<\/span><\/p>\n<\/p>\n<p><span class=\"text1noticias\">El ejecutivo municipal, dispuso tambi\u00e9n la reparaci\u00f3n y acondicionamiento del tramo de carretera que sirve de acceso a la misma, as\u00ed como la construcci\u00f3n de aceras, contenes y asfaltado de calles a fin de dotar el lugar de un mejor aspecto, lucimiento y comodidad para las personas nacionales y extranjeras que de manera regular visitan el importante centro cultural.<\/span><\/p>\n<\/p>\n<p><span class=\"text1noticias\">El 18 de mayo del 2001, la Cofrad\u00eda de los Congos del Esp\u00edritu Santo de Villa Mella, fue declarada por la UNESCO de las Naciones Unidas, Patrimonio Oral e Intangible de la Humanidad, en reconocimiento  al valor cultural que para el mundo tiene la agrupaci\u00f3n.<\/span><\/p>\n<\/p>\n<p><span class=\"text1noticias\"> <\/span><\/p>\n<\/p>\n<p><span class=\"text1noticias\">La cofrad\u00eda est\u00e1 compuesta por los congos y creada por el folklorista dominicano Sixto Minier,  constituye una de las expresiones socio-culturales de mayor trascendencia y singularidad de la Rep\u00fablica Dominicana. Est\u00e1 profundamente arraigada a la historia, geograf\u00eda y cultura del pa\u00eds y muy especialmente, a la comunidad de Mata Los Indios, Villa Mella <\/span><\/p>\n<\/p>\n<p><span class=\"text1noticias\">Durante la ceremonia en el que la principal autoridad municipal realiz\u00f3 el primer picazo, estuvieron presentes miembros destacados de la Cofrad\u00eda, as\u00ed como mun\u00edcipes y funcionarios de la alcald\u00eda. La obra habr\u00eda sido una promesa de campa\u00f1a del incumbente municipal, por lo que sus residentes manifestaron su satisfacci\u00f3n al ser anunciada la realizaci\u00f3n de la misma.<\/span><\/p>\n<\/p>\n<p><span class=\"text1noticias\">El alcalde Francisco Fern\u00e1ndez, aprovech\u00f3 para hacer entrega de un cheque por un monto de RD$400 mil pesos, como primera partida para el inicio de la obra, la cual est\u00e1 consignada en el Presupuesto Participativo, y ser\u00e1 ejecutada a trav\u00e9s de  Obras P\u00fablicas Municipales la cual se encuentra bajo la direcci\u00f3n del ingeniero Jes\u00fas Mar\u00eda Mart\u00ednez.(HG)<\/span>.<\/p>\n<\/p>\n<h6> 2012-04-22 18:31:31 <\/h6>\n<p><!--\n<link rel=\"stylesheet\" href=\"css\/bootstrap.min.css\">\n\n\n<ul class=\"pagination\">\n\t    \n\t\n\n<li >\n\t<a href='?page_no=17545'>Previous<\/a>\n\t<\/li>\n\n\n       \n    \n\n<li><a href='?page_no=1'>1<\/a><\/li>\n\n\n\n<li><a href='?page_no=2'>2<\/a><\/li>\n\n\n\n<li><a>...<\/a><\/li>\n\n\n\n<li><a href='?page_no=17544'>17544<\/a><\/li>\n\n\n\n<li><a href='?page_no=17545'>17545<\/a><\/li>\n\n\n\n<li class='active'><a>17546<\/a><\/li>\n\n\n\n<li><a href='?page_no=17547'>17547<\/a><\/li>\n\n\n\n<li><a href='?page_no=17548'>17548<\/a><\/li>\n\n\n\n<li><a>...<\/a><\/li>\n\n\n\n<li><a href='?page_no=22911'>22911<\/a><\/li>\n\n\n\n<li><a href='?page_no=22912'>22912<\/a><\/li>\n\n    \n\t\n\n<li >\n\t<a href='?page_no=17547'>Next<\/a>\n\t<\/li>\n\n\n    \n\n<li><a href='?page_no=22912'>Last &rsaquo;&rsaquo;<\/a><\/li>\n\n<\/ul>\n\n\n--><br \/>\n<\/body><\/p>\n","protected":false},"excerpt":{"rendered":"<p>Rep. Dom. 22 de Abril 02:35 P.M.- Francisco Fern\u00e1ndez, alcalde de Santo Domingo Norte, anunci\u00f3 la restauraci\u00f3n y embellecimiento de las instalaciones que sirven de santuario donde tradicionalmente se celebran los festivales religiosos culturales de la Cofrad\u00eda de los Congos del Esp\u00edritu Santo de Villa Mella, localizado en la comunidad de Mata los Indios de [&hellip;]<\/p>\n","protected":false},"author":3,"featured_media":0,"comment_status":"open","ping_status":"open","sticky":false,"template":"","format":"standard","meta":{"footnotes":""},"categories":[21],"tags":[],"class_list":["post-65868","post","type-post","status-publish","format-standard","hentry","category-cultura"],"_links":{"self":[{"href":"https:\/\/diariodominicano.com\/index.php?rest_route=\/wp\/v2\/posts\/65868","targetHints":{"allow":["GET"]}}],"collection":[{"href":"https:\/\/diariodominicano.com\/index.php?rest_route=\/wp\/v2\/posts"}],"about":[{"href":"https:\/\/diariodominicano.com\/index.php?rest_route=\/wp\/v2\/types\/post"}],"author":[{"embeddable":true,"href":"https:\/\/diariodominicano.com\/index.php?rest_route=\/wp\/v2\/users\/3"}],"replies":[{"embeddable":true,"href":"https:\/\/diariodominicano.com\/index.php?rest_route=%2Fwp%2Fv2%2Fcomments&post=65868"}],"version-history":[{"count":0,"href":"https:\/\/diariodominicano.com\/index.php?rest_route=\/wp\/v2\/posts\/65868\/revisions"}],"wp:attachment":[{"href":"https:\/\/diariodominicano.com\/index.php?rest_route=%2Fwp%2Fv2%2Fmedia&parent=65868"}],"wp:term":[{"taxonomy":"category","embeddable":true,"href":"https:\/\/diariodominicano.com\/index.php?rest_route=%2Fwp%2Fv2%2Fcategories&post=65868"},{"taxonomy":"post_tag","embeddable":true,"href":"https:\/\/diariodominicano.com\/index.php?rest_route=%2Fwp%2Fv2%2Ftags&post=65868"}],"curies":[{"name":"wp","href":"https:\/\/api.w.org\/{rel}","templated":true}]}}