{"id":658679,"date":"2026-01-05T16:27:01","date_gmt":"2026-01-05T20:27:01","guid":{"rendered":"https:\/\/diariodominicano.com\/?p=658679"},"modified":"2026-01-06T00:39:09","modified_gmt":"2026-01-06T04:39:09","slug":"gobierno-de-honduras-asumira-anunciado-aumento-de-tarifa-electrica","status":"publish","type":"post","link":"https:\/\/diariodominicano.com\/?p=658679","title":{"rendered":"Gobierno de Honduras asumir\u00e1 anunciado aumento de tarifa el\u00e9ctrica"},"content":{"rendered":"\n<p>Tegucigalpa, 5 ene (Prensa Latina) El Gobierno de Honduras inform\u00f3 hoy que asumir\u00e1 el incremento de la tarifa de electricidad, anunciado para el primer trimestre de 2026 por la Comisi\u00f3n Reguladora de Energ\u00eda El\u00e9ctrica (CREE).<\/p>\n\n\n\n<p><a href=\"https:\/\/www.prensa-latina.cu\/2026\/01\/05\/\"><time>enero 5, 2026 | 14:49<\/time><\/a> <\/p>\n\n\n\n<p>En un comunicado, la Empresa Nacional de Energ\u00eda El\u00e9ctrica (ENEE) indic\u00f3 que el ajuste autorizado el pasado 31 de diciembre por la CREE, de 4,11 por ciento, no se trasladar\u00e1 a los abonados y ser\u00e1 subsidiado por el ejecutivo de la presidenta Xiomara Castro.<\/p>\n\n\n\n<p>La ENEE subray\u00f3 que la decisi\u00f3n reafirma el compromiso de la administraci\u00f3n progresista de Castro con la estabilidad econ\u00f3mica de las y los hondure\u00f1os.<\/p>\n\n\n\n<p>Record\u00f3 que, antes de la llegada al poder de la mandataria (enero de 2022), durante los \u00faltimos seis meses de 2021, el coste promedio de la energ\u00eda aument\u00f3 en m\u00e1s de un 20 por ciento como resultado de pol\u00edticas neoliberales que golpearon duramente la econom\u00eda familiar, enfatiz\u00f3 la nota oficial.<\/p>\n\n\n\n<p>\u201cEn contraste, el actual Gobierno implement\u00f3 una pol\u00edtica sostenida de subsidios y alivios tarifarios, logrando una rebaja acumulada de 27,7 por ciento en la tarifa el\u00e9ctrica en cuatro a\u00f1os\u201d, remarc\u00f3 la compa\u00f1\u00eda estatal.<\/p>\n\n\n\n<p>Agreg\u00f3 que no habr\u00e1 tampoco erogaci\u00f3n presupuestaria nueva para sufragar el alza de la factura, pues el presupuesto prorrogado 2026 contempla dicha asignaci\u00f3n.<\/p>\n\n\n\n<p>La empresa p\u00fablica destac\u00f3 que en 48 meses de gobierno de la primera mujer presidenta de Honduras, cuando el coste de la electricidad subi\u00f3, este siempre fue subsidiado y nunca se traslad\u00f3 a los abonados.<\/p>\n\n\n\n<p>\u201cCerramos con esto la pol\u00edtica de subsidios energ\u00e9ticos m\u00e1s exitosa en la historia de Honduras\u201d, concluy\u00f3 el comunicado.<\/p>\n\n\n\n<p>En declaraciones a medios de comunicaci\u00f3n, el ministro hondure\u00f1o de Energ\u00eda, Erick Tejada, detall\u00f3 este lunes que la administraci\u00f3n de Castro invirti\u00f3 unos 10 mil 500 millones de lempiras (casi 400 millones de d\u00f3lares) en financiar los incrementos de la factura energ\u00e9tica.<\/p>\n\n\n\n<p>oda\/edu<\/p>\n\n\n\n<ul class=\"wp-block-list\">\n<li>#<a href=\"https:\/\/www.prensa-latina.cu\/etiqueta\/asumira\/\">asumir\u00e1<\/a>&nbsp;#<a href=\"https:\/\/www.prensa-latina.cu\/etiqueta\/gobierno\/\">gobierno<\/a>&nbsp;#<a href=\"https:\/\/www.prensa-latina.cu\/etiqueta\/honduras\/\">Honduras<\/a>&nbsp;#<a href=\"https:\/\/www.prensa-latina.cu\/etiqueta\/incremento\/\">INCREMENTO<\/a><\/li>\n<\/ul>\n","protected":false},"excerpt":{"rendered":"<p>Tegucigalpa, 5 ene (Prensa Latina) El Gobierno de Honduras inform\u00f3 hoy que asumir\u00e1 el incremento de la tarifa de electricidad, anunciado para el primer trimestre de 2026 por la Comisi\u00f3n Reguladora de Energ\u00eda El\u00e9ctrica (CREE). enero 5, 2026 | 14:49 En un comunicado, la Empresa Nacional de Energ\u00eda El\u00e9ctrica (ENEE) indic\u00f3 que el ajuste autorizado [&hellip;]<\/p>\n","protected":false},"author":2,"featured_media":658680,"comment_status":"closed","ping_status":"closed","sticky":false,"template":"","format":"standard","meta":{"footnotes":""},"categories":[18,23],"tags":[3563],"class_list":["post-658679","post","type-post","status-publish","format-standard","has-post-thumbnail","hentry","category-economia","category-internacional","tag-honduras"],"_links":{"self":[{"href":"https:\/\/diariodominicano.com\/index.php?rest_route=\/wp\/v2\/posts\/658679","targetHints":{"allow":["GET"]}}],"collection":[{"href":"https:\/\/diariodominicano.com\/index.php?rest_route=\/wp\/v2\/posts"}],"about":[{"href":"https:\/\/diariodominicano.com\/index.php?rest_route=\/wp\/v2\/types\/post"}],"author":[{"embeddable":true,"href":"https:\/\/diariodominicano.com\/index.php?rest_route=\/wp\/v2\/users\/2"}],"replies":[{"embeddable":true,"href":"https:\/\/diariodominicano.com\/index.php?rest_route=%2Fwp%2Fv2%2Fcomments&post=658679"}],"version-history":[{"count":2,"href":"https:\/\/diariodominicano.com\/index.php?rest_route=\/wp\/v2\/posts\/658679\/revisions"}],"predecessor-version":[{"id":658773,"href":"https:\/\/diariodominicano.com\/index.php?rest_route=\/wp\/v2\/posts\/658679\/revisions\/658773"}],"wp:featuredmedia":[{"embeddable":true,"href":"https:\/\/diariodominicano.com\/index.php?rest_route=\/wp\/v2\/media\/658680"}],"wp:attachment":[{"href":"https:\/\/diariodominicano.com\/index.php?rest_route=%2Fwp%2Fv2%2Fmedia&parent=658679"}],"wp:term":[{"taxonomy":"category","embeddable":true,"href":"https:\/\/diariodominicano.com\/index.php?rest_route=%2Fwp%2Fv2%2Fcategories&post=658679"},{"taxonomy":"post_tag","embeddable":true,"href":"https:\/\/diariodominicano.com\/index.php?rest_route=%2Fwp%2Fv2%2Ftags&post=658679"}],"curies":[{"name":"wp","href":"https:\/\/api.w.org\/{rel}","templated":true}]}}