{"id":65867,"date":"2012-04-22T18:34:50","date_gmt":"2012-04-22T18:34:50","guid":{"rendered":"http:\/\/diariodominicano.ddns.net\/?p=65867"},"modified":"2012-04-22T18:34:50","modified_gmt":"2012-04-22T18:34:50","slug":"educacion-inaugura-pabellon-del-minerd-en-la-xv-feria-del-libro","status":"publish","type":"post","link":"https:\/\/diariodominicano.com\/?p=65867","title":{"rendered":"Educaci\u00f3n  inaugura pabell\u00f3n del MINERD en la XV Feria del Libro"},"content":{"rendered":"<p><body><\/p>\n<p><img decoding=\"async\" src=\"http:\/\/localhost:8080\/img3\/educacion.JPG\" \/>  <\/p>\n<p><span class=\"text1noticias\">Rep.Dom. 22 de Abril 02:38 P.M.-La ministra de Educaci\u00f3n, licenciada Josefina Pimentel, afirm\u00f3 que la celebraci\u00f3n de la reci\u00e9n inaugurada XV Feria Internacional del Libro (FIL 2012) es un acontecimiento de primordial importancia, que aporta al avance de la educaci\u00f3n dominicana, acerca el libro a ni\u00f1os y adolescentes y hace posible que estos disfruten de un espacio concebido para fomentar la cultura y la ense\u00f1anza.<\/span><\/p>\n<\/p>\n<p><span class=\"text1noticias\">La licenciada Pimentel hizo la ponderaci\u00f3n al inaugurar el pabell\u00f3n del Ministerio de Educaci\u00f3n (MINERD) en el evento cultural m\u00e1s importante del pa\u00eds, acto en el que estuvo acompa\u00f1ada de varios viceministros y otros funcionarios de la instituci\u00f3n; as\u00ed como la secretaria general y coordinadora educativa del Sistema de Integraci\u00f3n Centroamericana (SICA), Mar\u00eda Eugenia Lantigua Padilla. <\/span><\/p>\n<\/p>\n<p><span class=\"text1noticias\">La ministra dijo que el pabell\u00f3n contar\u00e1 con la participaci\u00f3n de reputados conferencistas, artistas y animadores culturales, que se esforzar\u00e1n para que \u00e9ste cumpla el cometido de ser un espacio que fomente la cultura y  la convivencia positiva, y alimente el esp\u00edritu de los visitantes.<\/span><\/p>\n<\/p>\n<p><span class=\"text1noticias\">Expres\u00f3 que el pabell\u00f3n rinde homenaje, en su estructura y concepci\u00f3n, a la cultura de los primeros pobladores de Centroam\u00e9rica, regi\u00f3n  invitada de honor a esta feria, que tambi\u00e9n ha sido dedicada al escritor dominicano Enriquillo S\u00e1nchez.<\/span><\/p>\n<\/p>\n<p><span class=\"text1noticias\">\u00abComo coorganizador de esta Feria del Libro, que concita el inter\u00e9s de millones de personas cada a\u00f1o, el MINERD est\u00e1 altamente comprometido con su \u00e9xito y ha dise\u00f1ado un interesante programa de actividades que ayudar\u00e1 a que tenga mayor esplendor\u00bb, refiri\u00f3 la ministra. <\/span><\/p>\n<\/p>\n<p><span class=\"text1noticias\">Resalt\u00f3 que miles de estudiantes de b\u00e1sica y media del sistema educativo nacional comenzaron a aprovechar de la mejor manera esta feria, que resalta al libro como un bien cultural inestimable.<\/span><\/p>\n<\/p>\n<p><span class=\"text1noticias\">Las palabras de bienvenida las pronunci\u00f3 el viceministro, encargado de Asuntos Culturales, licenciado Luis de Le\u00f3n, quien dijo que la XV Feria Internacional del Libro es la visi\u00f3n de un gobierno que promueve la educaci\u00f3n como plataforma fundamental y determinante para producir progreso, desarrollo, equidad social y modernizaci\u00f3n, \u00abpara hacer avanzar e integrar la Rep\u00fablica Dominicana cada d\u00eda m\u00e1s a los pa\u00edses latinoamericanos\u00bb.<\/span><\/p>\n<\/p>\n<p><span class=\"text1noticias\">Indic\u00f3 que el programa que se desarrollar\u00e1 en el pabell\u00f3n del MINERD incluye unas 300 actividades, en las que participar\u00e1n unas 41 instancias de la instituci\u00f3n.<\/span><\/p>\n<\/p>\n<p><span class=\"text1noticias\">La bendici\u00f3n de acto estuvo a cargo del di\u00e1cono de la parroquia San Antonio de Padua, Justo Hern\u00e1ndez. <\/span><\/p>\n<\/p>\n<p><span class=\"text1noticias\">Durante la actividad la ministra develiz\u00f3 una galer\u00eda de fotos de 18 maestros meritorios de las diferentes Regionales de Educaci\u00f3n, quienes fueron reconocidos en la ceremonia por sus aportes al enriquecimiento de \u00e9sta.<\/span><\/p>\n<\/p>\n<p><span class=\"text1noticias\">Detalles del pabell\u00f3n<\/span><\/p>\n<\/p>\n<p><span class=\"text1noticias\">La ministra explic\u00f3 que el pabell\u00f3n del MINERD fue dise\u00f1ado por la Direcci\u00f3n de Infraestructura Escolar de esta instituci\u00f3n, y que simboliza una pir\u00e1mide, la muestra arquitect\u00f3nica m\u00e1s importante de la cultura Maya, que fue la que m\u00e1s se desarroll\u00f3 en Centroam\u00e9rica para la \u00e9poca en que fue construida.<\/span><\/p>\n<\/p>\n<p><span class=\"text1noticias\">El pabell\u00f3n dispone de diversas \u00e1reas donde las diferentes direcciones del MINERD muestran parte de sus programas, como es el caso de Bienestar Estudiantil, con el Desayuno Escolar en sus tres modalidades: Urbano-Marginal, Real y Fronterizo.<\/span><\/p>\n<\/p>\n<p><span class=\"text1noticias\">Adem\u00e1s, est\u00e1n representados el Instituto Nacional de Educaci\u00f3n F\u00edsica (INEFI), con juegos de ajedrez, baloncesto y los programas de salud visual y odontol\u00f3gica que se desarrollan en las escuelas; el \u00e1rea de inform\u00e1tica, que cuenta con 15 computadoras con internet gratis para los visitantes; Radio Educativa, que transmite desde el pabell\u00f3n, y un auditorio para 80 personas donde se dictar\u00e1n charlas y conferencias, y se realizar\u00e1n actividades art\u00edsticas.<\/span><\/p>\n<\/p>\n<p><span class=\"text1noticias\">La parte central del pabell\u00f3n presenta una r\u00e9plica del volc\u00e1n Izalco, de El Salvador, y representa parte de la abundante biodiversidad de la regi\u00f3n de Centroam\u00e9rica. En la entrada del pabell\u00f3n aparece el calendario Maya, de 260 d\u00edas y 20 meses.(HG)<\/span>.<\/p>\n<\/p>\n<\/p>\n<\/p>\n<\/p>\n<\/p>\n<\/p>\n<h6> 2012-04-22 18:34:50 <\/h6>\n<p><!--\n<link rel=\"stylesheet\" href=\"css\/bootstrap.min.css\">\n\n\n<ul class=\"pagination\">\n\t    \n\t\n\n<li >\n\t<a href='?page_no=17544'>Previous<\/a>\n\t<\/li>\n\n\n       \n    \n\n<li><a href='?page_no=1'>1<\/a><\/li>\n\n\n\n<li><a href='?page_no=2'>2<\/a><\/li>\n\n\n\n<li><a>...<\/a><\/li>\n\n\n\n<li><a href='?page_no=17543'>17543<\/a><\/li>\n\n\n\n<li><a href='?page_no=17544'>17544<\/a><\/li>\n\n\n\n<li class='active'><a>17545<\/a><\/li>\n\n\n\n<li><a href='?page_no=17546'>17546<\/a><\/li>\n\n\n\n<li><a href='?page_no=17547'>17547<\/a><\/li>\n\n\n\n<li><a>...<\/a><\/li>\n\n\n\n<li><a href='?page_no=22911'>22911<\/a><\/li>\n\n\n\n<li><a href='?page_no=22912'>22912<\/a><\/li>\n\n    \n\t\n\n<li >\n\t<a href='?page_no=17546'>Next<\/a>\n\t<\/li>\n\n\n    \n\n<li><a href='?page_no=22912'>Last &rsaquo;&rsaquo;<\/a><\/li>\n\n<\/ul>\n\n\n--><br \/>\n<\/body><\/p>\n","protected":false},"excerpt":{"rendered":"<p>Rep.Dom. 22 de Abril 02:38 P.M.-La ministra de Educaci\u00f3n, licenciada Josefina Pimentel, afirm\u00f3 que la celebraci\u00f3n de la reci\u00e9n inaugurada XV Feria Internacional del Libro (FIL 2012) es un acontecimiento de primordial importancia, que aporta al avance de la educaci\u00f3n dominicana, acerca el libro a ni\u00f1os y adolescentes y hace posible que estos disfruten de [&hellip;]<\/p>\n","protected":false},"author":3,"featured_media":0,"comment_status":"open","ping_status":"open","sticky":false,"template":"","format":"standard","meta":{"footnotes":""},"categories":[21],"tags":[],"class_list":["post-65867","post","type-post","status-publish","format-standard","hentry","category-cultura"],"_links":{"self":[{"href":"https:\/\/diariodominicano.com\/index.php?rest_route=\/wp\/v2\/posts\/65867","targetHints":{"allow":["GET"]}}],"collection":[{"href":"https:\/\/diariodominicano.com\/index.php?rest_route=\/wp\/v2\/posts"}],"about":[{"href":"https:\/\/diariodominicano.com\/index.php?rest_route=\/wp\/v2\/types\/post"}],"author":[{"embeddable":true,"href":"https:\/\/diariodominicano.com\/index.php?rest_route=\/wp\/v2\/users\/3"}],"replies":[{"embeddable":true,"href":"https:\/\/diariodominicano.com\/index.php?rest_route=%2Fwp%2Fv2%2Fcomments&post=65867"}],"version-history":[{"count":0,"href":"https:\/\/diariodominicano.com\/index.php?rest_route=\/wp\/v2\/posts\/65867\/revisions"}],"wp:attachment":[{"href":"https:\/\/diariodominicano.com\/index.php?rest_route=%2Fwp%2Fv2%2Fmedia&parent=65867"}],"wp:term":[{"taxonomy":"category","embeddable":true,"href":"https:\/\/diariodominicano.com\/index.php?rest_route=%2Fwp%2Fv2%2Fcategories&post=65867"},{"taxonomy":"post_tag","embeddable":true,"href":"https:\/\/diariodominicano.com\/index.php?rest_route=%2Fwp%2Fv2%2Ftags&post=65867"}],"curies":[{"name":"wp","href":"https:\/\/api.w.org\/{rel}","templated":true}]}}