{"id":65866,"date":"2012-04-22T19:34:44","date_gmt":"2012-04-22T19:34:44","guid":{"rendered":"http:\/\/diariodominicano.ddns.net\/?p=65866"},"modified":"2012-04-22T19:34:44","modified_gmt":"2012-04-22T19:34:44","slug":"mormones-promueven-noche-de-hogar-en-la-feria-del-libro","status":"publish","type":"post","link":"https:\/\/diariodominicano.com\/?p=65866","title":{"rendered":"Mormones promueven Noche de Hogar en la Feria del Libro&#13;"},"content":{"rendered":"<p><body><\/p>\n<p><img decoding=\"async\" src=\"img3\/mormones.JPG\" \/>  <\/p>\n<p><span class=\"text1noticias\">Rep.Dom. 22 de Abril 03:36 P.M.- Una vez m\u00e1s la Iglesia de Jesucristo de los Santos de los \u00daltimos D\u00edas presenta un atractivo pabell\u00f3n en la XV edici\u00f3n de la Feria Internacional del Libro Santo Domingo 2012, este a\u00f1o titulado \u00abLa noche de Hogar\u00bb. <\/span><\/p>\n<\/p>\n<p><span class=\"text1noticias\">Como innovaciones, esta propuesta incluye la extensi\u00f3n de un Micro sitio web y un mural dentro del stand que contendr\u00e1 las firmas de los visitantes que apoyen la iniciativa de la Noche de Hogar.<\/span><\/p>\n<\/p>\n<p><span class=\"text1noticias\">En un acto al que asistieron personalidades del sector gubernamental, medios de comunicaci\u00f3n, miembros de la Iglesia  y otras organizaciones, la Iglesia de Jesucristo de los Santos de los \u00daltimos D\u00edas dio a  conocer una propuesta que al igual que en ocasiones anteriores, m\u00e1s que perseguir un fin religioso, tiene un prop\u00f3sito social que busca fortalecer los valores de la familia como fundamento de la sociedad.<\/span><\/p>\n<\/p>\n<p><span class=\"text1noticias\">Durante el evento, las palabras introductorias  estuvieron a  cargo del Se\u00f1or Rafael G. Guti\u00e9rrez, Director de Asuntos P\u00fablicos de la Iglesia para el \u00e1rea del Caribe, quien explic\u00f3 que el concepto de \u00e9ste pabell\u00f3n es la promoci\u00f3n de una Noche de Hogar, es decir, una reuni\u00f3n semanal donde las familias puedan compartir, aprender y divertirse juntos, fortaleciendo as\u00ed el matrimonio y los lazos entre sus miembros.<\/span><\/p>\n<\/p>\n<p><span class=\"text1noticias\"> \u00abEl tema es la Noche de Hogar no solamente como una exposici\u00f3n para la feria del libro, sino tambi\u00e9n como una propuesta social que la Iglesia pretende presentar a las autoridades y a las instituciones no gubernamentales para  que impulsen la Noche de Hogar como un programa  que se puede implementar en todas las familias del pa\u00eds.\u00bb, resalt\u00f3 el Se\u00f1or Guti\u00e9rrez.<\/span><\/p>\n<\/p>\n<p><span class=\"text1noticias\">Algunas de las novedades que tiene \u00e9ste a\u00f1o el pabell\u00f3n es la extensi\u00f3n de un micro sitio web que va a permitirle al p\u00fablico m\u00e1s all\u00e1 de la feria obtener informaci\u00f3n sobre lo que es la Noche de Hogar y tener recursos para ayudarles a prepararla.<\/span><\/p>\n<\/p>\n<p><span class=\"text1noticias\">Adem\u00e1s, dentro del pabell\u00f3n estar\u00e1 disponible un mural en el cual se pretende recaudar decenas de miles de firmas de personas que piensen que un proyecto como \u00e9ste es importante para la sociedad. <\/span><\/p>\n<p><span class=\"text1noticias\">Al visitar el stand, el p\u00fablico se dar\u00e1 cuenta que \u00e9ste simula un hogar, donde los visitantes tendr\u00e1n la experiencia de entrar en un casa de familia y all\u00ed dentro recibir instrucciones sobre lo que es la Noche de Hogar.<\/span><\/p>\n<\/p>\n<p><span class=\"text1noticias\">La Iglesia de Jesucristo de los Santos de los \u00daltimos D\u00edas  ha participado por m\u00e1s de una d\u00e9cada en la feria del libro. Cada a\u00f1o los stands que \u00e9sta presenta son m\u00e1s interesantes, cautivando la atenci\u00f3n de los visitantes de la feria, e incluso,  la distinci\u00f3n  de la  Direcci\u00f3n General de la feria del libro, quienes en el a\u00f1o 2011 le otorgaron un reconocimiento  por su participaci\u00f3n, ese a\u00f1o con la Propuesta \u00abLa galer\u00eda de los Valores\u00bb, pabell\u00f3n que recibi\u00f3 m\u00e1s de 38.000 mil visitantes.<\/span><\/p>\n<\/p>\n<p><span class=\"text1noticias\">El pabell\u00f3n de la Iglesia est\u00e1 ubicado frente a la Cinemateca Dominicana, y estar\u00e1 abierto al p\u00fablico durante todo el desarrollo de la feria.(HG)<\/span>.<\/p>\n<h6> 2012-04-22 19:34:44 <\/h6>\n<p><!--\n<link rel=\"stylesheet\" href=\"css\/bootstrap.min.css\">\n\n\n<ul class=\"pagination\">\n\t    \n\t\n\n<li >\n\t<a href='?page_no=17543'>Previous<\/a>\n\t<\/li>\n\n\n       \n    \n\n<li><a href='?page_no=1'>1<\/a><\/li>\n\n\n\n<li><a href='?page_no=2'>2<\/a><\/li>\n\n\n\n<li><a>...<\/a><\/li>\n\n\n\n<li><a href='?page_no=17542'>17542<\/a><\/li>\n\n\n\n<li><a href='?page_no=17543'>17543<\/a><\/li>\n\n\n\n<li class='active'><a>17544<\/a><\/li>\n\n\n\n<li><a href='?page_no=17545'>17545<\/a><\/li>\n\n\n\n<li><a href='?page_no=17546'>17546<\/a><\/li>\n\n\n\n<li><a>...<\/a><\/li>\n\n\n\n<li><a href='?page_no=22911'>22911<\/a><\/li>\n\n\n\n<li><a href='?page_no=22912'>22912<\/a><\/li>\n\n    \n\t\n\n<li >\n\t<a href='?page_no=17545'>Next<\/a>\n\t<\/li>\n\n\n    \n\n<li><a href='?page_no=22912'>Last &rsaquo;&rsaquo;<\/a><\/li>\n\n<\/ul>\n\n\n--><br \/>\n<\/body><\/p>\n","protected":false},"excerpt":{"rendered":"<p>Rep.Dom. 22 de Abril 03:36 P.M.- Una vez m\u00e1s la Iglesia de Jesucristo de los Santos de los \u00daltimos D\u00edas presenta un atractivo pabell\u00f3n en la XV edici\u00f3n de la Feria Internacional del Libro Santo Domingo 2012, este a\u00f1o titulado \u00abLa noche de Hogar\u00bb. Como innovaciones, esta propuesta incluye la extensi\u00f3n de un Micro sitio [&hellip;]<\/p>\n","protected":false},"author":3,"featured_media":0,"comment_status":"open","ping_status":"open","sticky":false,"template":"","format":"standard","meta":{"footnotes":""},"categories":[21],"tags":[],"class_list":["post-65866","post","type-post","status-publish","format-standard","hentry","category-cultura"],"_links":{"self":[{"href":"https:\/\/diariodominicano.com\/index.php?rest_route=\/wp\/v2\/posts\/65866","targetHints":{"allow":["GET"]}}],"collection":[{"href":"https:\/\/diariodominicano.com\/index.php?rest_route=\/wp\/v2\/posts"}],"about":[{"href":"https:\/\/diariodominicano.com\/index.php?rest_route=\/wp\/v2\/types\/post"}],"author":[{"embeddable":true,"href":"https:\/\/diariodominicano.com\/index.php?rest_route=\/wp\/v2\/users\/3"}],"replies":[{"embeddable":true,"href":"https:\/\/diariodominicano.com\/index.php?rest_route=%2Fwp%2Fv2%2Fcomments&post=65866"}],"version-history":[{"count":0,"href":"https:\/\/diariodominicano.com\/index.php?rest_route=\/wp\/v2\/posts\/65866\/revisions"}],"wp:attachment":[{"href":"https:\/\/diariodominicano.com\/index.php?rest_route=%2Fwp%2Fv2%2Fmedia&parent=65866"}],"wp:term":[{"taxonomy":"category","embeddable":true,"href":"https:\/\/diariodominicano.com\/index.php?rest_route=%2Fwp%2Fv2%2Fcategories&post=65866"},{"taxonomy":"post_tag","embeddable":true,"href":"https:\/\/diariodominicano.com\/index.php?rest_route=%2Fwp%2Fv2%2Ftags&post=65866"}],"curies":[{"name":"wp","href":"https:\/\/api.w.org\/{rel}","templated":true}]}}