{"id":65865,"date":"2012-04-22T19:54:40","date_gmt":"2012-04-22T19:54:40","guid":{"rendered":"http:\/\/diariodominicano.ddns.net\/?p=65865"},"modified":"2012-04-22T19:54:40","modified_gmt":"2012-04-22T19:54:40","slug":"hijo-mayor-del-coronel-caamano-dicta-ciclo-de-conferencias-en-el-47-aniversario-revolucion-de-abril-del-65","status":"publish","type":"post","link":"https:\/\/diariodominicano.com\/?p=65865","title":{"rendered":"Hijo mayor del Coronel Caama\u00f1o dicta ciclo de conferencias en el 47 aniversario Revoluci\u00f3n de Abril del 65"},"content":{"rendered":"<p><body><\/p>\n<p><img decoding=\"async\" src=\"http:\/\/localhost:8080\/img3\/GUERRA.JPG\" \/>  <\/p>\n<p><span class=\"text1noticias\">Rep. Dom 22 de Abril 03:58 P.M.- En ocasi\u00f3n del 47 aniversario de la Revoluci\u00f3n de Abril de 1965, el Movimiento Izquierda Unida-MIU- desarrolla un ciclo de conferencias a cargo del Licenciado Alberto Caama\u00f1o Acevedo, hijo mayor del Comandante de Abril, Francisco Caama\u00f1o De\u00f1\u00f3.<\/span><\/p>\n<p><span class=\"text1noticias\"> <\/span><\/p>\n<p><span class=\"text1noticias\">En este orden, Caama\u00f1o Acevedo dictar\u00e1 este lunes 23 de abril, a las 5 de la tarde,  la conferencia \u00abLa Guerra de Abril del 65 y la resistencia del pueblo dominicano\u00bb, en el local del Comit\u00e9 Provincial del MIU en Santiago, que lleva el nombre de Lorenzo Vargas, sito en la Avenida 27 de Febrero No. 9, esquina Calle 6, frente al Ensanche Berm\u00fadez.<\/span><\/p>\n<p><span class=\"text1noticias\"> <\/span><\/p>\n<p><span class=\"text1noticias\">Dicha actividad patri\u00f3tica es organizada por los Comit\u00e9s Provincial Lorenzo Vargas y Municipal Onelio Espaillat, en esa ciudad, en el marco de los distintos eventos que  desarrolla el MIU para honrar a los h\u00e9roes y m\u00e1rtires de la Revoluci\u00f3n de Abril de 1965, que el pr\u00f3ximo martes 24 cumple 47 a\u00f1os.<\/span><\/p>\n<p><span class=\"text1noticias\"> <\/span><\/p>\n<p><span class=\"text1noticias\">El pasado viernes 20 correspondi\u00f3 al Comit\u00e9 Provincial Sim\u00f3n Bol\u00edvar del MIU, con sede en el Municipio de Hig\u00fcey, organizar una actividad similar, bajo la coordinaci\u00f3n de Rafael Rub\u00ed y Antonio Hidalgo, a la que asisti\u00f3 una amplia concurrencia, entre  estudiantes y representantes de varios sectores sociales y pol\u00edticos de la Provincia La Altagracia. La actividad se realiz\u00f3 en el Sal\u00f3n de Actos del Centro Universitario Regional del Este (CURE).<\/span><\/p>\n<p><span class=\"text1noticias\"> <\/span><\/p>\n<p><span class=\"text1noticias\">La memoria hist\u00f3rica<\/span><\/p>\n<p><span class=\"text1noticias\"> <\/span><\/p>\n<p><span class=\"text1noticias\">Para el Secretario General  del MIU, Miguel Mej\u00eda, es importante realizar este tipo de actividades que contribuyen a elevar el nivel del conocimiento de la poblaci\u00f3n, sobre todo de estudiantes, de modo que no pasen por alto hechos hist\u00f3ricos como la Revoluci\u00f3n de Abril del 65, que son fruto del sacrificio del  pueblo dominicano y de la sangre derramada por nuestros patriotas, h\u00e9roes y m\u00e1rtires.<\/span><\/p>\n<p><span class=\"text1noticias\"> <\/span><\/p>\n<p><span class=\"text1noticias\">Destaca el l\u00edder del MIU, que vivimos en un momento en que los j\u00f3venes y la sociedad  general deben de afianzar el inter\u00e9s por la lectura, la educaci\u00f3n y el conocimiento; a la vez que deplora c\u00f3mo se observa a un pueblo que padece la p\u00e9rdida de valores, a un liderazgo pol\u00edtico y social disociado, en su mayor\u00eda, de los prop\u00f3sitos esenciales de justicia y de la lucha por la libertad y la paz.<\/span><\/p>\n<p><span class=\"text1noticias\"> <\/span><\/p>\n<p><span class=\"text1noticias\">Reafirm\u00f3 el compromiso del Movimiento Izquierda Unida, como organizaci\u00f3n pol\u00edtica, de trabajar por llevar orientaci\u00f3n al pueblo dominicano, valorando que la educaci\u00f3n y el conocimiento son las bases esenciales del desarrollo de los pueblos. Por eso, los Comit\u00e9s Provinciales y Municipales del MIU, en toda la geograf\u00eda nacional  cumplen con el deber de informar y orientar al pa\u00eds, desde los lugares m\u00e1s rec\u00f3nditos, contribuyendo a que la semilla de la esperanza germine poco a poco y sigamos  construyendo una naci\u00f3n m\u00e1s unida, m\u00e1s consciente y m\u00e1s comprometida con su propia  historia.<\/span><\/p>\n<p><span class=\"text1noticias\"> <\/span><\/p>\n<p><span class=\"text1noticias\">A la actividad est\u00e1n invitados dirigentes y militantes del MIU, profesores, estudiantes, dirigentes pol\u00edticos y sociales, funcionarios p\u00fablicos, l\u00edderes comunitarios, medios de comunicaci\u00f3n y p\u00fablico general de la sociedad de Santiago y la Regi\u00f3n del Cibao.(HG)<\/span>.<\/p>\n<h6> 2012-04-22 19:54:40 <\/h6>\n<p><!--\n<link rel=\"stylesheet\" href=\"css\/bootstrap.min.css\">\n\n\n<ul class=\"pagination\">\n\t    \n\t\n\n<li >\n\t<a href='?page_no=17542'>Previous<\/a>\n\t<\/li>\n\n\n       \n    \n\n<li><a href='?page_no=1'>1<\/a><\/li>\n\n\n\n<li><a href='?page_no=2'>2<\/a><\/li>\n\n\n\n<li><a>...<\/a><\/li>\n\n\n\n<li><a href='?page_no=17541'>17541<\/a><\/li>\n\n\n\n<li><a href='?page_no=17542'>17542<\/a><\/li>\n\n\n\n<li class='active'><a>17543<\/a><\/li>\n\n\n\n<li><a href='?page_no=17544'>17544<\/a><\/li>\n\n\n\n<li><a href='?page_no=17545'>17545<\/a><\/li>\n\n\n\n<li><a>...<\/a><\/li>\n\n\n\n<li><a href='?page_no=22911'>22911<\/a><\/li>\n\n\n\n<li><a href='?page_no=22912'>22912<\/a><\/li>\n\n    \n\t\n\n<li >\n\t<a href='?page_no=17544'>Next<\/a>\n\t<\/li>\n\n\n    \n\n<li><a href='?page_no=22912'>Last &rsaquo;&rsaquo;<\/a><\/li>\n\n<\/ul>\n\n\n--><br \/>\n<\/body><\/p>\n","protected":false},"excerpt":{"rendered":"<p>Rep. Dom 22 de Abril 03:58 P.M.- En ocasi\u00f3n del 47 aniversario de la Revoluci\u00f3n de Abril de 1965, el Movimiento Izquierda Unida-MIU- desarrolla un ciclo de conferencias a cargo del Licenciado Alberto Caama\u00f1o Acevedo, hijo mayor del Comandante de Abril, Francisco Caama\u00f1o De\u00f1\u00f3. En este orden, Caama\u00f1o Acevedo dictar\u00e1 este lunes 23 de abril, [&hellip;]<\/p>\n","protected":false},"author":3,"featured_media":0,"comment_status":"open","ping_status":"open","sticky":false,"template":"","format":"standard","meta":{"footnotes":""},"categories":[21],"tags":[],"class_list":["post-65865","post","type-post","status-publish","format-standard","hentry","category-cultura"],"_links":{"self":[{"href":"https:\/\/diariodominicano.com\/index.php?rest_route=\/wp\/v2\/posts\/65865","targetHints":{"allow":["GET"]}}],"collection":[{"href":"https:\/\/diariodominicano.com\/index.php?rest_route=\/wp\/v2\/posts"}],"about":[{"href":"https:\/\/diariodominicano.com\/index.php?rest_route=\/wp\/v2\/types\/post"}],"author":[{"embeddable":true,"href":"https:\/\/diariodominicano.com\/index.php?rest_route=\/wp\/v2\/users\/3"}],"replies":[{"embeddable":true,"href":"https:\/\/diariodominicano.com\/index.php?rest_route=%2Fwp%2Fv2%2Fcomments&post=65865"}],"version-history":[{"count":0,"href":"https:\/\/diariodominicano.com\/index.php?rest_route=\/wp\/v2\/posts\/65865\/revisions"}],"wp:attachment":[{"href":"https:\/\/diariodominicano.com\/index.php?rest_route=%2Fwp%2Fv2%2Fmedia&parent=65865"}],"wp:term":[{"taxonomy":"category","embeddable":true,"href":"https:\/\/diariodominicano.com\/index.php?rest_route=%2Fwp%2Fv2%2Fcategories&post=65865"},{"taxonomy":"post_tag","embeddable":true,"href":"https:\/\/diariodominicano.com\/index.php?rest_route=%2Fwp%2Fv2%2Ftags&post=65865"}],"curies":[{"name":"wp","href":"https:\/\/api.w.org\/{rel}","templated":true}]}}