{"id":65864,"date":"2012-04-22T20:28:44","date_gmt":"2012-04-22T20:28:44","guid":{"rendered":"http:\/\/diariodominicano.ddns.net\/?p=65864"},"modified":"2012-04-22T20:28:44","modified_gmt":"2012-04-22T20:28:44","slug":"fil-2012-rinde-homenaje-al-escritor-belarminio-ramirez-morillo","status":"publish","type":"post","link":"https:\/\/diariodominicano.com\/?p=65864","title":{"rendered":"FIL 2012 rinde homenaje al escritor Belarminio Ram\u00edrez Morillo"},"content":{"rendered":"<p><body><\/p>\n<p><img decoding=\"async\" src=\"img3\/belarminio.JPG\" \/>  <\/p>\n<p><span class=\"text1noticias\">Rep.Dom. 22 de Abril 04:30 P.M.-  La XV Feria Internacional del Libro rindi\u00f3 homenaje al prolifero escritor, pol\u00edtico, abogado y profesor, Belarminio Ram\u00edrez Morillo, designando una de las calles principales del recinto ferial con su nombre.<\/span><\/p>\n<\/p>\n<p><span class=\"text1noticias\">El acto fue encabezado por el Ministro de Cultura, Jos\u00e9 Rafael Lantigua, quien estuvo acompa\u00f1ado por el Director General de la Feria del Libro, Alejandro Arvelo, Leo Oviedo, Viceministro para la Regi\u00f3n Sur, el Viceministro de Educaci\u00f3n, Luis de Le\u00f3n y  Te\u00f3filo Terrero, coordinador de la actividad.<\/span><\/p>\n<\/p>\n<p><span class=\"text1noticias\">El tallerista Jimmy Feliz,  miembro del  Sistema de Talleres Literarios del Ministerio de Cultura, ley\u00f3 la semblanza del homenajeado.<\/span><\/p>\n<\/p>\n<p><span class=\"text1noticias\">Alejandro Arvelo tuvo a su cargo las palabras centrales del acto, en las que destac\u00f3 la visi\u00f3n futurista que ha tenido el escritor, evidenciadas en sus libros. \u00abLe hemos visto advertir en su libro de 1995 las elecciones dominicanas, el cambio de marcha, el punto de inflexi\u00f3n que se produce justo en la  segunda mitad de los decenios del siglo pasado, cuando  advierte ese paso que se da del populismo a la persuasi\u00f3n, de las grandes concentraciones masivas al marketing pol\u00edtico\u00bb.<\/span><\/p>\n<\/p>\n<p><span class=\"text1noticias\">Rese\u00f1\u00f3 la lozan\u00eda de pensamientos que el autor de \u00abEstado social de derecho y procedimiento constitucional\u00bb ha sabido mantener durante sus m\u00e1s de 20 a\u00f1os de carrera literaria. Dijo que  Ram\u00edrez Morillo, con sus obras, pone a los lectores al corriente de las grandes tendencias del pensamiento pol\u00edtico dominicano.<\/span><\/p>\n<\/p>\n<p><span class=\"text1noticias\">Belarminio Ram\u00edrez Morillo, al dar su agradecimiento, dijo sentirse satisfecho porque \u00abcomo acad\u00e9mico me siento realizado, he producido 23 textos, la mayor\u00eda de los cuales son textos para la educaci\u00f3n y varios de ellos se est\u00e1n utilizando en varias universidades de Am\u00e9rica Latina\u00bb.<\/span><\/p>\n<\/p>\n<p><span class=\"text1noticias\">Dijo que, como producto de la evoluci\u00f3n de la sociedad dominicana, ha tenido el privilegio de crecer y desarrollarse en un ambiente de paz, armon\u00eda y estabilidad social. \u00abSoy producto del avance institucional del pueblo dominicano y hoy soy parte de la sociedad del conocimiento y de la era de la globalizaci\u00f3n\u00bb.<\/span><\/p>\n<\/p>\n<p><span class=\"text1noticias\">Estuvieron presentes en el acto los integrantes del taller literario de Tenares, Francis Livio Gull\u00f3n,  familiares y amigo del escritor.(HG)<\/span>.<\/p>\n<h6> 2012-04-22 20:28:44 <\/h6>\n<p><!--\n<link rel=\"stylesheet\" href=\"css\/bootstrap.min.css\">\n\n\n<ul class=\"pagination\">\n\t    \n\t\n\n<li >\n\t<a href='?page_no=17541'>Previous<\/a>\n\t<\/li>\n\n\n       \n    \n\n<li><a href='?page_no=1'>1<\/a><\/li>\n\n\n\n<li><a href='?page_no=2'>2<\/a><\/li>\n\n\n\n<li><a>...<\/a><\/li>\n\n\n\n<li><a href='?page_no=17540'>17540<\/a><\/li>\n\n\n\n<li><a href='?page_no=17541'>17541<\/a><\/li>\n\n\n\n<li class='active'><a>17542<\/a><\/li>\n\n\n\n<li><a href='?page_no=17543'>17543<\/a><\/li>\n\n\n\n<li><a href='?page_no=17544'>17544<\/a><\/li>\n\n\n\n<li><a>...<\/a><\/li>\n\n\n\n<li><a href='?page_no=22911'>22911<\/a><\/li>\n\n\n\n<li><a href='?page_no=22912'>22912<\/a><\/li>\n\n    \n\t\n\n<li >\n\t<a href='?page_no=17543'>Next<\/a>\n\t<\/li>\n\n\n    \n\n<li><a href='?page_no=22912'>Last &rsaquo;&rsaquo;<\/a><\/li>\n\n<\/ul>\n\n\n--><br \/>\n<\/body><\/p>\n","protected":false},"excerpt":{"rendered":"<p>Rep.Dom. 22 de Abril 04:30 P.M.- La XV Feria Internacional del Libro rindi\u00f3 homenaje al prolifero escritor, pol\u00edtico, abogado y profesor, Belarminio Ram\u00edrez Morillo, designando una de las calles principales del recinto ferial con su nombre. El acto fue encabezado por el Ministro de Cultura, Jos\u00e9 Rafael Lantigua, quien estuvo acompa\u00f1ado por el Director General [&hellip;]<\/p>\n","protected":false},"author":3,"featured_media":0,"comment_status":"open","ping_status":"open","sticky":false,"template":"","format":"standard","meta":{"footnotes":""},"categories":[21],"tags":[],"class_list":["post-65864","post","type-post","status-publish","format-standard","hentry","category-cultura"],"_links":{"self":[{"href":"https:\/\/diariodominicano.com\/index.php?rest_route=\/wp\/v2\/posts\/65864","targetHints":{"allow":["GET"]}}],"collection":[{"href":"https:\/\/diariodominicano.com\/index.php?rest_route=\/wp\/v2\/posts"}],"about":[{"href":"https:\/\/diariodominicano.com\/index.php?rest_route=\/wp\/v2\/types\/post"}],"author":[{"embeddable":true,"href":"https:\/\/diariodominicano.com\/index.php?rest_route=\/wp\/v2\/users\/3"}],"replies":[{"embeddable":true,"href":"https:\/\/diariodominicano.com\/index.php?rest_route=%2Fwp%2Fv2%2Fcomments&post=65864"}],"version-history":[{"count":0,"href":"https:\/\/diariodominicano.com\/index.php?rest_route=\/wp\/v2\/posts\/65864\/revisions"}],"wp:attachment":[{"href":"https:\/\/diariodominicano.com\/index.php?rest_route=%2Fwp%2Fv2%2Fmedia&parent=65864"}],"wp:term":[{"taxonomy":"category","embeddable":true,"href":"https:\/\/diariodominicano.com\/index.php?rest_route=%2Fwp%2Fv2%2Fcategories&post=65864"},{"taxonomy":"post_tag","embeddable":true,"href":"https:\/\/diariodominicano.com\/index.php?rest_route=%2Fwp%2Fv2%2Ftags&post=65864"}],"curies":[{"name":"wp","href":"https:\/\/api.w.org\/{rel}","templated":true}]}}