{"id":65862,"date":"2012-04-23T13:07:22","date_gmt":"2012-04-23T13:07:22","guid":{"rendered":"http:\/\/diariodominicano.ddns.net\/?p=65862"},"modified":"2012-04-23T13:07:22","modified_gmt":"2012-04-23T13:07:22","slug":"nieto-de-poeta-chileno-nicanor-parra-recoge-premio-cervantes","status":"publish","type":"post","link":"https:\/\/diariodominicano.com\/?p=65862","title":{"rendered":"Nieto de poeta chileno Nicanor Parra recoge Premio Cervantes"},"content":{"rendered":"<p><body><\/p>\n<p>Madrid, 23 abr (PL), 8:59 am.-  El Pr\u00edncipe de Asturias entreg\u00f3 hoy a Crist\u00f3bal Ugarte, nieto de Nicanor Parra, el Premio Cervantes concedido en diciembre \u00faltimo al poeta chileno, quien finalmente no pudo viajar a Espa\u00f1a por su avanzada edad.<\/p>\n<\/p>\n<p>  La solemne ceremonia de entrega del galard\u00f3n, el m\u00e1s importante de las letras hispanas, tuvo lugar en el paraninfo de la madrile\u00f1a Universidad de Alcal\u00e1 de Henares, en presencia de los pr\u00edncipes de Asturias, Felipe de Borb\u00f3n y Letizia Ortiz.<\/p>\n<\/p>\n<p>Tambi\u00e9n asistieron el presidente del Gobierno espa\u00f1ol, Mariano Rajoy, y su ministro de Educaci\u00f3n, Cultura y Deporte, Jos\u00e9 Ignacio Wert, entre otras autoridades.<\/p>\n<\/p>\n<p>Ugarte transmiti\u00f3 unas palabras de agradecimiento de su abuelo por la concesi\u00f3n del Cervantes, en las que el escritor pidi\u00f3 una pr\u00f3rroga de m\u00ednimo un a\u00f1o para poder esbozar un discurso medianamente plausible.<\/p>\n<\/p>\n<p>\u00abLos premios son como las Dulcineas del Toboso, mientras m\u00e1s pensamos en ellas, m\u00e1s lejanas y enigm\u00e1ticas\u00bb, ley\u00f3 Ugarte, quien ten\u00eda a su lado una vieja m\u00e1quina de escribir con la que Parra escribi\u00f3 numerosos poemas, la cual ser\u00e1 entregada al Instituto Cervantes.<\/p>\n<\/p>\n<p>Creador de la corriente llamada antipoes\u00eda, Parra, de 97 a\u00f1os y hermano de la c\u00e9lebre cantautora Violeta Parra, fallecida en 1967, es acad\u00e9mico, matem\u00e1tico y f\u00edsico, y su nombre hab\u00eda sonado para el Cervantes varias veces en los \u00faltimos a\u00f1os.<\/p>\n<\/p>\n<p>Distinguido con el Premio Reina Sof\u00eda de Poes\u00eda Iberoamericana en 2001, es el \u00fanico superviviente del tr\u00edo m\u00e1s famoso de poetas chilenos, junto a Pablo Neruda y Vicente Huidobro.<\/p>\n<\/p>\n<p>Al dar a conocer el fallo, en diciembre pasado, el ensayista Jos\u00e9 Mar\u00eda Mic\u00f3n, miembro del jurado, se\u00f1al\u00f3 que se valor\u00f3 su larga trayectoria, que sea un literato activo, de gran independencia creativa, y calific\u00f3 al homenajeado de un gran maestro sin escuela.<\/p>\n<\/p>\n<p>Parra naci\u00f3 en el seno de una familia campesina por parte de madre, mientras que su padre fue profesor y m\u00fasico.<\/p>\n<\/p>\n<p>Tras sus estudios b\u00e1sicos, fue profesor de Matem\u00e1ticas en el Liceo de Chill\u00e1n y en la Universidad de Chile, en 1938, y durante varios a\u00f1os vivi\u00f3 en Estados Unidos e Inglaterra. Regres\u00f3 a su pa\u00eds en 1951.<\/p>\n<\/p>\n<p>A partir de los a\u00f1os 30 se dedic\u00f3 al cuento y al ensayo y public\u00f3 su primer libro de poemas, Cancionero sin nombre (1937).<\/p>\n<\/p>\n<p>Se le considera el precursor de la denominada antipoes\u00eda, cuya muestra m\u00e1s sobresaliente es Poemas y antipoemas (1954), libro que marca su obra y parte de la poes\u00eda latinoamericana de la segunda mitad del siglo XX.<\/p>\n<\/p>\n<p>Otros libros suyos son Versos de sal\u00f3n, Los profesores, Artefactos, Sermones y pr\u00e9dicas del Cristo de Elqui, El anti-L\u00e1zaro, Chistes para desorientar a la poes\u00eda, Poes\u00eda pol\u00edtica, P\u00e1ginas en blanco o Discursos de sobremesa.<\/p>\n<\/p>\n<p>En 1969 recibi\u00f3 el Premio Nacional de Literatura de Chile por Obra gruesa y en 1991 fue galardonado por segunda vez en su pa\u00eds con el Premio Internacional Juan Rulfo.<\/p>\n<\/p>\n<p>El nicarag\u00fcense Ernesto Cardenal, la cubana Fina Garc\u00eda Marruz (Premio Reina Sof\u00eda de Poes\u00eda Iberoamericana 2011) y el colombiano Fernando Vallejo figuraban entre los candidatos al Cervantes 2011, considerado el Nobel de las letras en espa\u00f1ol.<\/p>\n<\/p>\n<p>Parra sucede en el palmar\u00e9s a la catalana Ana Mar\u00eda Matute, por lo que una vez m\u00e1s se cumpli\u00f3 esa ley no escrita, seg\u00fan la cual se turnan las entregas entre autores espa\u00f1oles e iberoamericanos.<\/p>\n<\/p>\n<p>Dotado con 125 mil euros, el Cervantes fue creado en 1975 por el Ministerio de Cultura de Espa\u00f1a para reconocer la figura de un escritor que, con el conjunto de su obra, haya contribuido a enriquecer el legado literario hisp\u00e1nico.<\/p>\n<h6> 2012-04-23 13:07:22 <\/h6>\n<p><!--\n<link rel=\"stylesheet\" href=\"css\/bootstrap.min.css\">\n\n\n<ul class=\"pagination\">\n\t    \n\t\n\n<li >\n\t<a href='?page_no=17539'>Previous<\/a>\n\t<\/li>\n\n\n       \n    \n\n<li><a href='?page_no=1'>1<\/a><\/li>\n\n\n\n<li><a href='?page_no=2'>2<\/a><\/li>\n\n\n\n<li><a>...<\/a><\/li>\n\n\n\n<li><a href='?page_no=17538'>17538<\/a><\/li>\n\n\n\n<li><a href='?page_no=17539'>17539<\/a><\/li>\n\n\n\n<li class='active'><a>17540<\/a><\/li>\n\n\n\n<li><a href='?page_no=17541'>17541<\/a><\/li>\n\n\n\n<li><a href='?page_no=17542'>17542<\/a><\/li>\n\n\n\n<li><a>...<\/a><\/li>\n\n\n\n<li><a href='?page_no=22911'>22911<\/a><\/li>\n\n\n\n<li><a href='?page_no=22912'>22912<\/a><\/li>\n\n    \n\t\n\n<li >\n\t<a href='?page_no=17541'>Next<\/a>\n\t<\/li>\n\n\n    \n\n<li><a href='?page_no=22912'>Last &rsaquo;&rsaquo;<\/a><\/li>\n\n<\/ul>\n\n\n--><br \/>\n<\/body><\/p>\n","protected":false},"excerpt":{"rendered":"<p>Madrid, 23 abr (PL), 8:59 am.- El Pr\u00edncipe de Asturias entreg\u00f3 hoy a Crist\u00f3bal Ugarte, nieto de Nicanor Parra, el Premio Cervantes concedido en diciembre \u00faltimo al poeta chileno, quien finalmente no pudo viajar a Espa\u00f1a por su avanzada edad. La solemne ceremonia de entrega del galard\u00f3n, el m\u00e1s importante de las letras hispanas, tuvo [&hellip;]<\/p>\n","protected":false},"author":3,"featured_media":0,"comment_status":"open","ping_status":"open","sticky":false,"template":"","format":"standard","meta":{"footnotes":""},"categories":[21],"tags":[],"class_list":["post-65862","post","type-post","status-publish","format-standard","hentry","category-cultura"],"_links":{"self":[{"href":"https:\/\/diariodominicano.com\/index.php?rest_route=\/wp\/v2\/posts\/65862","targetHints":{"allow":["GET"]}}],"collection":[{"href":"https:\/\/diariodominicano.com\/index.php?rest_route=\/wp\/v2\/posts"}],"about":[{"href":"https:\/\/diariodominicano.com\/index.php?rest_route=\/wp\/v2\/types\/post"}],"author":[{"embeddable":true,"href":"https:\/\/diariodominicano.com\/index.php?rest_route=\/wp\/v2\/users\/3"}],"replies":[{"embeddable":true,"href":"https:\/\/diariodominicano.com\/index.php?rest_route=%2Fwp%2Fv2%2Fcomments&post=65862"}],"version-history":[{"count":0,"href":"https:\/\/diariodominicano.com\/index.php?rest_route=\/wp\/v2\/posts\/65862\/revisions"}],"wp:attachment":[{"href":"https:\/\/diariodominicano.com\/index.php?rest_route=%2Fwp%2Fv2%2Fmedia&parent=65862"}],"wp:term":[{"taxonomy":"category","embeddable":true,"href":"https:\/\/diariodominicano.com\/index.php?rest_route=%2Fwp%2Fv2%2Fcategories&post=65862"},{"taxonomy":"post_tag","embeddable":true,"href":"https:\/\/diariodominicano.com\/index.php?rest_route=%2Fwp%2Fv2%2Ftags&post=65862"}],"curies":[{"name":"wp","href":"https:\/\/api.w.org\/{rel}","templated":true}]}}