{"id":65861,"date":"2012-04-23T13:11:52","date_gmt":"2012-04-23T13:11:52","guid":{"rendered":"http:\/\/diariodominicano.ddns.net\/?p=65861"},"modified":"2012-04-23T13:11:52","modified_gmt":"2012-04-23T13:11:52","slug":"maraton-de-lectura-en-mexico-para-celebrar-dia-mundial-del-libro","status":"publish","type":"post","link":"https:\/\/diariodominicano.com\/?p=65861","title":{"rendered":"Marat\u00f3n de lectura en M\u00e9xico para celebrar D\u00eda Mundial del Libro"},"content":{"rendered":"<p><body><\/p>\n<p><img decoding=\"async\" src=\"img3\/cult libros.jpg\" \/>  <\/p>\n<p>M\u00e9xico, 23 abr (PL), 9:09 am.-  Un marat\u00f3n de lectura se celebrar\u00e1 en la Biblioteca Vasconcelos de la Ciudad de M\u00e9xico, en el cual escritores y p\u00fablico en general festejar\u00e1n hoy el D\u00eda Mundial del Libro.<\/p>\n<\/p>\n<p>  La iniciativa forma parte del programa de actividades de la Direcci\u00f3n General de Publicaciones (DGP) del Consejo Nacional para la Cultura y las Artes (Conaculta), en coordinaci\u00f3n con la Biblioteca Vasconcelos y el Instituto Mexicano de la Radio.<\/p>\n<\/p>\n<p>Seg\u00fan lo previsto, las sesiones de lectura ser\u00e1n ininterrumpidamente desde las 08:00 hasta las 20:00 hora local, y se transmitir\u00e1n por la estaci\u00f3n radiof\u00f3nica Reactor del IMER.<\/p>\n<\/p>\n<p>El espacio contar\u00e1 con la participaci\u00f3n de autores del Programa Editorial Tierra Adentro de la DGP y p\u00fablico interesado en colaborar con estas instituciones, a fin de enriquecer la importante fiesta del libro y la lectura.<\/p>\n<\/p>\n<p>La jornada conmemorativa ser\u00e1 abierta por la poeta, ensayista y editora M\u00f3nica Nepote, directora editorial del Programa Cultural Tierra Adentro y autora de los libros Trazos de noche herida e Islario, destac\u00f3 un comunicado de prensa de Conaculta.<\/p>\n<\/p>\n<p>A ella seguir\u00e1n los escritores Maricela Guerrero (Desde las ramas una guacamaya y Se llaman nebulosas) y Balam Rodrigo, Premio Nacional de Poes\u00eda San Rom\u00e1n 2007 (H\u00e1bito lunar, Poemas de mar amaranto, Silencia y L\u00edbelo de varia necrolog\u00eda).<\/p>\n<\/p>\n<p>Continuar\u00e1n Sergio Ernesto R\u00edos, Premio Nacional de Literatura Gilberto Owen 2006 (Piedrapizarnik, De cetrer\u00eda, y Mi nombre de guerra es Albi\u00f3n), Jos\u00e9 Luis Bobadilla (Aqu\u00ed, Las m\u00e1quinas simples) y Eduardo de Gortari (Singles y La radio en el pecho).<\/p>\n<\/p>\n<p>El marat\u00f3n cerrar\u00e1 con Julio Trujillo, director editorial y de producci\u00f3n de la DGP del Conaculta, adem\u00e1s de autor de los libros de poes\u00eda Una sangre, Proa, El perro de Koudelka, Sobrenoche, Bipolar, Pitec\u00e1ntropo y Exprofeso.<\/p>\n<\/p>\n<p>Instituido por la Unesco (Organizaci\u00f3n de las Naciones Unidas para la Educaci\u00f3n, la Ciencia y la Cultura) en 1995, el D\u00eda Mundial del Libro recuerda que un 23 de abril, pero de 1616, fallecieron dos grandes escritores: Miguel de Cervantes y William Shakespeare.<\/p>\n<\/p>\n<p>El origen del d\u00eda del libro se remonta a 1930 del siglo pasado.<\/p>\n<\/p>\n<p>Tambi\u00e9n un 23 de abril nacieron o murieron otros escritores eminentes como Maurice Druon, K. Laxness, Vladimir Nabokov, Josep Pla o Manuel Mej\u00eda Vallejo.<\/p>\n<\/p>\n<p>Por tal motivo es una fecha simb\u00f3lica para la literatura universal que fue escogida por la Conferencia General de la Unesco para rendir un homenaje mundial al libro y sus autores.<\/p>\n<\/p>\n<p>Adem\u00e1s, para alentar a todos, en particular a los m\u00e1s j\u00f3venes, a descubrir el placer de la lectura y respetar la irreemplazable contribuci\u00f3n de los creadores al progreso social y cultural.<\/p>\n<\/p>\n<p>En 1995, la Unesco aprob\u00f3 proclamar el 23 de abril de cada a\u00f1o como \u00abD\u00eda Mundial del Libro y del Derecho de Autor\u00bb, que en la actualidad se celebra en m\u00e1s de 100 pa\u00edses.<\/p>\n<\/p>\n<p>Como parte de la tradici\u00f3n, los enamorados y personas queridas se intercambien una rosa y un libro en esta jornada.<\/p>\n<h6> 2012-04-23 13:11:52 <\/h6>\n<p><!--\n<link rel=\"stylesheet\" href=\"css\/bootstrap.min.css\">\n\n\n<ul class=\"pagination\">\n\t    \n\t\n\n<li >\n\t<a href='?page_no=17538'>Previous<\/a>\n\t<\/li>\n\n\n       \n    \n\n<li><a href='?page_no=1'>1<\/a><\/li>\n\n\n\n<li><a href='?page_no=2'>2<\/a><\/li>\n\n\n\n<li><a>...<\/a><\/li>\n\n\n\n<li><a href='?page_no=17537'>17537<\/a><\/li>\n\n\n\n<li><a href='?page_no=17538'>17538<\/a><\/li>\n\n\n\n<li class='active'><a>17539<\/a><\/li>\n\n\n\n<li><a href='?page_no=17540'>17540<\/a><\/li>\n\n\n\n<li><a href='?page_no=17541'>17541<\/a><\/li>\n\n\n\n<li><a>...<\/a><\/li>\n\n\n\n<li><a href='?page_no=22911'>22911<\/a><\/li>\n\n\n\n<li><a href='?page_no=22912'>22912<\/a><\/li>\n\n    \n\t\n\n<li >\n\t<a href='?page_no=17540'>Next<\/a>\n\t<\/li>\n\n\n    \n\n<li><a href='?page_no=22912'>Last &rsaquo;&rsaquo;<\/a><\/li>\n\n<\/ul>\n\n\n--><br \/>\n<\/body><\/p>\n","protected":false},"excerpt":{"rendered":"<p>M\u00e9xico, 23 abr (PL), 9:09 am.- Un marat\u00f3n de lectura se celebrar\u00e1 en la Biblioteca Vasconcelos de la Ciudad de M\u00e9xico, en el cual escritores y p\u00fablico en general festejar\u00e1n hoy el D\u00eda Mundial del Libro. La iniciativa forma parte del programa de actividades de la Direcci\u00f3n General de Publicaciones (DGP) del Consejo Nacional para [&hellip;]<\/p>\n","protected":false},"author":3,"featured_media":0,"comment_status":"open","ping_status":"open","sticky":false,"template":"","format":"standard","meta":{"footnotes":""},"categories":[21],"tags":[],"class_list":["post-65861","post","type-post","status-publish","format-standard","hentry","category-cultura"],"_links":{"self":[{"href":"https:\/\/diariodominicano.com\/index.php?rest_route=\/wp\/v2\/posts\/65861","targetHints":{"allow":["GET"]}}],"collection":[{"href":"https:\/\/diariodominicano.com\/index.php?rest_route=\/wp\/v2\/posts"}],"about":[{"href":"https:\/\/diariodominicano.com\/index.php?rest_route=\/wp\/v2\/types\/post"}],"author":[{"embeddable":true,"href":"https:\/\/diariodominicano.com\/index.php?rest_route=\/wp\/v2\/users\/3"}],"replies":[{"embeddable":true,"href":"https:\/\/diariodominicano.com\/index.php?rest_route=%2Fwp%2Fv2%2Fcomments&post=65861"}],"version-history":[{"count":0,"href":"https:\/\/diariodominicano.com\/index.php?rest_route=\/wp\/v2\/posts\/65861\/revisions"}],"wp:attachment":[{"href":"https:\/\/diariodominicano.com\/index.php?rest_route=%2Fwp%2Fv2%2Fmedia&parent=65861"}],"wp:term":[{"taxonomy":"category","embeddable":true,"href":"https:\/\/diariodominicano.com\/index.php?rest_route=%2Fwp%2Fv2%2Fcategories&post=65861"},{"taxonomy":"post_tag","embeddable":true,"href":"https:\/\/diariodominicano.com\/index.php?rest_route=%2Fwp%2Fv2%2Ftags&post=65861"}],"curies":[{"name":"wp","href":"https:\/\/api.w.org\/{rel}","templated":true}]}}