{"id":658609,"date":"2026-01-05T10:14:30","date_gmt":"2026-01-05T14:14:30","guid":{"rendered":"https:\/\/diariodominicano.com\/?p=658609"},"modified":"2026-01-05T15:34:58","modified_gmt":"2026-01-05T19:34:58","slug":"xi-se-reune-con-taoiseach-de-irlanda","status":"publish","type":"post","link":"https:\/\/diariodominicano.com\/?p=658609","title":{"rendered":"Xi se re\u00fane con Taoiseach de Irlanda"},"content":{"rendered":"\n<p><em>spanish.news.cn<\/em>|<em>&nbsp;2026-01-05 16:24:30<\/em>|<\/p>\n\n\n\n<p>(Xinhua\/Li Xiang)<\/p>\n\n\n\n<p>BEIJING, 5 ene (Xinhua) &#8212; China est\u00e1 dispuesta a fortalecer la comunicaci\u00f3n estrat\u00e9gica con Irlanda, profundizar la confianza pol\u00edtica mutua y expandir la cooperaci\u00f3n pragm\u00e1tica para beneficiar a los pueblos de ambos pa\u00edses y dar impulso a las relaciones China-Uni\u00f3n Europea (UE), dijo hoy lunes el presidente chino, Xi Jinping.<\/p>\n\n\n\n<p>Al reunirse con el Taoiseach, o jefe del Gobierno, de Irlanda, Micheal Martin, en Beijing, Xi manifest\u00f3 que China est\u00e1 dispuesta a fortalecer la cooperaci\u00f3n econ\u00f3mica y comercial con Irlanda, alinear estrategias de desarrollo en campos como la inteligencia artificial, la econom\u00eda digital y la medicina y la atenci\u00f3n sanitaria, promover la inversi\u00f3n bilateral, aprovechar las fortalezas de cada uno, compartir oportunidades y buscar el desarrollo com\u00fan.<\/p>\n\n\n\n<p>Las dos partes deben mejorar la cooperaci\u00f3n en educaci\u00f3n, cultura y turismo para fomentar un mayor acercamiento entre los pueblos, y, en ese sentido, China da la bienvenida a m\u00e1s j\u00f3venes irlandeses para que vengan a China a estudiar e intercambiar experiencias, a\u00f1adi\u00f3 Xi.<\/p>\n\n\n\n<p>Tanto China como Irlanda apoyan el multilateralismo y abogan por la justicia y la equidad internacionales, agreg\u00f3 Xi, e inst\u00f3 a las dos partes a fortalecer la coordinaci\u00f3n y cooperaci\u00f3n en asuntos internacionales y a mantener conjuntamente la autoridad de la ONU y hacer que el sistema de gobernanza global sea m\u00e1s justo y equitativo.<\/p>\n\n\n\n<p>Xi se\u00f1al\u00f3 que China y la UE deben tener en cuenta la perspectiva a largo plazo, mantener el posicionamiento de asociaci\u00f3n y ver y gestionar las diferencias de manera objetiva y racional, a fin de trabajar por una cooperaci\u00f3n de beneficio mutuo.<\/p>\n\n\n\n<p>Dado que Irlanda asumir\u00e1 la presidencia rotatoria de la UE en la segunda mitad de este a\u00f1o, China espera que desempe\u00f1e un papel constructivo en la promoci\u00f3n del desarrollo saludable y estable de las relaciones China-UE, dijo el mandatario chino.<\/p>\n\n\n\n<p>A su vez, tras se\u00f1alar que Irlanda se adhiere firmemente a la pol\u00edtica de una sola China, Martin dijo que su pa\u00eds est\u00e1 comprometido con el desarrollo de la asociaci\u00f3n estrat\u00e9gica para la cooperaci\u00f3n mutuamente beneficiosa entre las dos partes.<\/p>\n\n\n\n<p>Irlanda est\u00e1 dispuesta a profundizar la cooperaci\u00f3n con China en comercio, inversi\u00f3n, ciencia y tecnolog\u00eda, biomedicina, energ\u00edas renovables, inteligencia artificial, educaci\u00f3n y otros campos, destac\u00f3 el alto funcionario irland\u00e9s.&nbsp;<\/p>\n\n\n\n<figure class=\"wp-block-image\"><img decoding=\"async\" src=\"https:\/\/spanish.xinhuanet.com\/20260105\/b78a7857aa0841e1954312898c339701\/jNcFKmWwiPj8WGde.jpeg\" alt=\"\"\/><\/figure>\n\n\n\n<p>&nbsp;(Xinhua\/Yan Yan)<\/p>\n\n\n\n<p><a href=\"https:\/\/www.facebook.com\/sharer\/sharer.php?u=https:\/\/spanish.xinhuanet.com\/20260105\/b78a7857aa0841e1954312898c339701\/c.html\" target=\"_blank\" rel=\"noreferrer noopener\"><\/a>&nbsp;<a href=\"https:\/\/twitter.com\/intent\/tweet?text=%0A%20%20%20%20%20%20%20%20%20%20%20%20%20%20%20%20%20%20%20%20Xi%20se%20re%C3%BAne%20con%20Taoiseach%20de%20Irlanda%20%0A%20%20%20%20%20%20%20%20%20%20%20%20%20%20%20%20&amp;url=https:\/\/spanish.xinhuanet.com\/20260105\/b78a7857aa0841e1954312898c339701\/c.html\" target=\"_blank\" rel=\"noreferrer noopener\"><\/a>&nbsp;<a target=\"_blank\" href=\"https:\/\/service.weibo.com\/share\/share.php?title=%0A%20%20%20%20%20%20%20%20%20%20%20%20%20%20%20%20%20%20%20%20Xi%20se%20re%C3%BAne%20con%20Taoiseach%20de%20Irlanda%20%0A%20%20%20%20%20%20%20%20%20%20%20%20%20%20%20%20&amp;url=https:\/\/spanish.xinhuanet.com\/20260105\/b78a7857aa0841e1954312898c339701\/c.html\" rel=\"noreferrer noopener\"><\/a>&nbsp;<a><\/a><\/p>\n\n\n\n<figure class=\"wp-block-image\"><img decoding=\"async\" src=\"https:\/\/imgs.news.cn\/res\/xhwimg\/spanish\/20170522\/img\/jc-xfa.png\" alt=\"\"\/><\/figure>\n","protected":false},"excerpt":{"rendered":"<p>spanish.news.cn|&nbsp;2026-01-05 16:24:30| (Xinhua\/Li Xiang) BEIJING, 5 ene (Xinhua) &#8212; China est\u00e1 dispuesta a fortalecer la comunicaci\u00f3n estrat\u00e9gica con Irlanda, profundizar la confianza pol\u00edtica mutua y expandir la cooperaci\u00f3n pragm\u00e1tica para beneficiar a los pueblos de ambos pa\u00edses y dar impulso a las relaciones China-Uni\u00f3n Europea (UE), dijo hoy lunes el presidente chino, Xi Jinping. Al [&hellip;]<\/p>\n","protected":false},"author":2,"featured_media":658610,"comment_status":"closed","ping_status":"closed","sticky":false,"template":"","format":"standard","meta":{"footnotes":""},"categories":[23],"tags":[1388,3936],"class_list":["post-658609","post","type-post","status-publish","format-standard","has-post-thumbnail","hentry","category-internacional","tag-china","tag-union-europea-ue"],"_links":{"self":[{"href":"https:\/\/diariodominicano.com\/index.php?rest_route=\/wp\/v2\/posts\/658609","targetHints":{"allow":["GET"]}}],"collection":[{"href":"https:\/\/diariodominicano.com\/index.php?rest_route=\/wp\/v2\/posts"}],"about":[{"href":"https:\/\/diariodominicano.com\/index.php?rest_route=\/wp\/v2\/types\/post"}],"author":[{"embeddable":true,"href":"https:\/\/diariodominicano.com\/index.php?rest_route=\/wp\/v2\/users\/2"}],"replies":[{"embeddable":true,"href":"https:\/\/diariodominicano.com\/index.php?rest_route=%2Fwp%2Fv2%2Fcomments&post=658609"}],"version-history":[{"count":1,"href":"https:\/\/diariodominicano.com\/index.php?rest_route=\/wp\/v2\/posts\/658609\/revisions"}],"predecessor-version":[{"id":658611,"href":"https:\/\/diariodominicano.com\/index.php?rest_route=\/wp\/v2\/posts\/658609\/revisions\/658611"}],"wp:featuredmedia":[{"embeddable":true,"href":"https:\/\/diariodominicano.com\/index.php?rest_route=\/wp\/v2\/media\/658610"}],"wp:attachment":[{"href":"https:\/\/diariodominicano.com\/index.php?rest_route=%2Fwp%2Fv2%2Fmedia&parent=658609"}],"wp:term":[{"taxonomy":"category","embeddable":true,"href":"https:\/\/diariodominicano.com\/index.php?rest_route=%2Fwp%2Fv2%2Fcategories&post=658609"},{"taxonomy":"post_tag","embeddable":true,"href":"https:\/\/diariodominicano.com\/index.php?rest_route=%2Fwp%2Fv2%2Ftags&post=658609"}],"curies":[{"name":"wp","href":"https:\/\/api.w.org\/{rel}","templated":true}]}}