{"id":65860,"date":"2012-04-23T13:13:32","date_gmt":"2012-04-23T13:13:32","guid":{"rendered":"http:\/\/diariodominicano.ddns.net\/?p=65860"},"modified":"2012-04-23T13:13:32","modified_gmt":"2012-04-23T13:13:32","slug":"dia-del-libro-en-venezuela-festeja-politicas-culturales-de-inclusion","status":"publish","type":"post","link":"https:\/\/diariodominicano.com\/?p=65860","title":{"rendered":"D\u00eda del Libro en Venezuela festeja pol\u00edticas culturales de inclusi\u00f3n"},"content":{"rendered":"<p><body><\/p>\n<p><img decoding=\"async\" src=\"img3\/bandera venezuela.jpg\" \/>  <\/p>\n<\/p>\n<p>Caracas, 23 abr (PL), 9:12 am.-  La implementaci\u00f3n de programas sociales para eliminar el analfabetismo y la creciente asistencia de venezolanos a las ferias literarias figuran entre los \u00e9xitos que muestra hoy el Gobierno para conmemorar el D\u00eda Internacional del Libro.<\/p>\n<\/p>\n<p>\u00abLeer es importante porque nos abre los ojos, nos permite entender y so\u00f1ar, porque es un universo simb\u00f3lico fundamental en la cultura y que debe ser accesible para todos\u00bb, afirm\u00f3 Christhian Valles, presidenta del Centro Nacional del Libro (Cenal).<\/p>\n<\/p>\n<p>Desde 2005, Venezuela es considerada territorio libre de analfabetismo por la Organizaci\u00f3n de las Naciones Unidas para la Educaci\u00f3n, la Ciencia y la Cultura (Unesco) por superar en 0,10 por ciento la meta establecida por esa organismo, con la puesta en marcha de programas sociales.<\/p>\n<\/p>\n<p>La Misi\u00f3n Robinson, iniciativa orientada a ense\u00f1ar a leer y escribir a venezolanos antes excluidos del sector educativo del pa\u00eds, figura entre las medidas inclusivas adoptadas por la administraci\u00f3n del presidente Hugo Ch\u00e1vez para acabar con el analfabetismo.<\/p>\n<\/p>\n<p>Asimismo la Feria Internacional del Libro de Venezuela re\u00fane en cada edici\u00f3n a miles de asistentes de modo ascendente, quienes regresan a sus casas con un promedio de dos libros por persona, seg\u00fan estad\u00edsticas del Cenal.<\/p>\n<\/p>\n<p>M\u00e1s de 56 millones de ejemplares de distribuci\u00f3n masiva, entre libros y revistas, ha editado el Ministerio de Cultura de 2005 a 2011, destac\u00f3 recientemente Valles, como parte de las pol\u00edticas culturales del gobierno.<\/p>\n<\/p>\n<p>En la VIII edici\u00f3n de esa fiesta cultural, Filven 2012, celebrada en marzo en esta capital, se vendi\u00f3 un total de 74 mil 144 libros, pertenecientes a la Plataforma del Libro o editoriales p\u00fablicas del pa\u00eds.<\/p>\n<\/p>\n<p>Durante la ocasi\u00f3n, la Filven 2012 cerr\u00f3 con 235 mil asistentes, para un incremento del 30 por ciento de los visitantes con relaci\u00f3n a ediciones pasadas: en 2011 el total de registros fue de 180 mil y en 2010 el n\u00famero super\u00f3 las 140 mil.<\/p>\n<\/p>\n<p>El D\u00eda Internacional del Libro, promulgada por la Unesco en 1995, es una conmemoraci\u00f3n celebrada a nivel mundial con el objetivo de fomentar la lectura, la industria editorial y la protecci\u00f3n de la propiedad intelectual por medio del derecho de autor.<\/p>\n<h6> 2012-04-23 13:13:32 <\/h6>\n<p><!--\n<link rel=\"stylesheet\" href=\"css\/bootstrap.min.css\">\n\n\n<ul class=\"pagination\">\n\t    \n\t\n\n<li >\n\t<a href='?page_no=17537'>Previous<\/a>\n\t<\/li>\n\n\n       \n    \n\n<li><a href='?page_no=1'>1<\/a><\/li>\n\n\n\n<li><a href='?page_no=2'>2<\/a><\/li>\n\n\n\n<li><a>...<\/a><\/li>\n\n\n\n<li><a href='?page_no=17536'>17536<\/a><\/li>\n\n\n\n<li><a href='?page_no=17537'>17537<\/a><\/li>\n\n\n\n<li class='active'><a>17538<\/a><\/li>\n\n\n\n<li><a href='?page_no=17539'>17539<\/a><\/li>\n\n\n\n<li><a href='?page_no=17540'>17540<\/a><\/li>\n\n\n\n<li><a>...<\/a><\/li>\n\n\n\n<li><a href='?page_no=22911'>22911<\/a><\/li>\n\n\n\n<li><a href='?page_no=22912'>22912<\/a><\/li>\n\n    \n\t\n\n<li >\n\t<a href='?page_no=17539'>Next<\/a>\n\t<\/li>\n\n\n    \n\n<li><a href='?page_no=22912'>Last &rsaquo;&rsaquo;<\/a><\/li>\n\n<\/ul>\n\n\n--><br \/>\n<\/body><\/p>\n","protected":false},"excerpt":{"rendered":"<p>Caracas, 23 abr (PL), 9:12 am.- La implementaci\u00f3n de programas sociales para eliminar el analfabetismo y la creciente asistencia de venezolanos a las ferias literarias figuran entre los \u00e9xitos que muestra hoy el Gobierno para conmemorar el D\u00eda Internacional del Libro. \u00abLeer es importante porque nos abre los ojos, nos permite entender y so\u00f1ar, porque [&hellip;]<\/p>\n","protected":false},"author":3,"featured_media":0,"comment_status":"open","ping_status":"open","sticky":false,"template":"","format":"standard","meta":{"footnotes":""},"categories":[21],"tags":[],"class_list":["post-65860","post","type-post","status-publish","format-standard","hentry","category-cultura"],"_links":{"self":[{"href":"https:\/\/diariodominicano.com\/index.php?rest_route=\/wp\/v2\/posts\/65860","targetHints":{"allow":["GET"]}}],"collection":[{"href":"https:\/\/diariodominicano.com\/index.php?rest_route=\/wp\/v2\/posts"}],"about":[{"href":"https:\/\/diariodominicano.com\/index.php?rest_route=\/wp\/v2\/types\/post"}],"author":[{"embeddable":true,"href":"https:\/\/diariodominicano.com\/index.php?rest_route=\/wp\/v2\/users\/3"}],"replies":[{"embeddable":true,"href":"https:\/\/diariodominicano.com\/index.php?rest_route=%2Fwp%2Fv2%2Fcomments&post=65860"}],"version-history":[{"count":0,"href":"https:\/\/diariodominicano.com\/index.php?rest_route=\/wp\/v2\/posts\/65860\/revisions"}],"wp:attachment":[{"href":"https:\/\/diariodominicano.com\/index.php?rest_route=%2Fwp%2Fv2%2Fmedia&parent=65860"}],"wp:term":[{"taxonomy":"category","embeddable":true,"href":"https:\/\/diariodominicano.com\/index.php?rest_route=%2Fwp%2Fv2%2Fcategories&post=65860"},{"taxonomy":"post_tag","embeddable":true,"href":"https:\/\/diariodominicano.com\/index.php?rest_route=%2Fwp%2Fv2%2Ftags&post=65860"}],"curies":[{"name":"wp","href":"https:\/\/api.w.org\/{rel}","templated":true}]}}