{"id":65859,"date":"2012-04-23T16:41:02","date_gmt":"2012-04-23T16:41:02","guid":{"rendered":"http:\/\/diariodominicano.ddns.net\/?p=65859"},"modified":"2012-04-23T16:41:02","modified_gmt":"2012-04-23T16:41:02","slug":"uasd-resalta-obra-y-vida-de-teofilo-barreiro","status":"publish","type":"post","link":"https:\/\/diariodominicano.com\/?p=65859","title":{"rendered":"UASD RESALTA OBRA Y VIDA DE TEOFILO BARREIRO"},"content":{"rendered":"<p><body><\/p>\n<p><img decoding=\"async\" src=\"img3\/Homenage  Teofil Barreiro.JPG\" \/>  <\/p>\n<p>Santo Domingo, RD; 23 abril, 12:25 pm.-  La escuela de sociolog\u00eda de la Universidad Aut\u00f3noma de Santo Domingo UASD desarroll\u00f3 el pasado jueves 19 de abril una hermosa y emotiva jornada de recordaci\u00f3n en el decimo aniversario del fallecimiento del muy querido soci\u00f3logo dominicano Te\u00f3filo Barreiro.<\/p>\n<\/p>\n<p>La jornada se inicio con la visita a la tumba de Barreiro ubicada en el cementerio nacional de la Av. M\u00e1ximo G\u00f3mez donde estuvieron presentes familiares, profesores y estudiantes quienes expresaron sus sentimientos de admiraci\u00f3n y respeto por esa entra\u00f1able figura de la esfera intelectual dominicana.<\/p>\n<\/p>\n<p>Acto seguido se llevo a cabo en la Facultad de Econom\u00eda un taller-conversatorio, el cual conto con la participaci\u00f3n de medio centenar de estudiantes de introducci\u00f3n a las ciencias sociales y sociolog\u00eda quienes disfrutaron la proyecci\u00f3n de dos entrevistas en donde Barreiro define lo que es la sociolog\u00eda y como esa disciplina logra explicar y comprender los m\u00e1s diversos fen\u00f3menos sociales.<\/p>\n<\/p>\n<p>En el taller, los estudiantes de Sociolog\u00eda Mar\u00eda Ripol, Leonel Brito y Nickenson Laforest describieron su experiencia al estudiar y analizar las teor\u00edas de Barreiro  las cuales se circunscrib\u00edan en el marco de una sociolog\u00eda de la cotidianidad tal como lo subrayara la directora de la escuela, maestra Marisela Duval.<\/p>\n<\/p>\n<p>La reconocida soci\u00f3loga Marina Ortiz, urgi\u00f3 a los estudiantes y docentes de la academia a mantener viva la imagen y el recuerdo de Barreriro a quien defini\u00f3 como el soci\u00f3logo de los pobres por sus temas de interes y la claridad en la que se expresaba.<\/p>\n<\/p>\n<p>Asi mismo se manifesto el vicedecano maestro Ram\u00f3n Desangles quien pidi\u00f3 a los soci\u00f3logos adentrarse en el lenguaje y talento de Barreiro para hacer m\u00e1s comprensibles sus an\u00e1lisis. En la actividad tambi\u00e9n estuvieron presentes, Do\u00f1a Nidia viuda Barreiro, el comunicador Irving Vargas asi como los profesores Carlos Castro, Ciriaco Cruz y Amaury P\u00e9rez entre otros.<\/p>\n<h6> 2012-04-23 16:41:02 <\/h6>\n<p><!--\n<link rel=\"stylesheet\" href=\"css\/bootstrap.min.css\">\n\n\n<ul class=\"pagination\">\n\t    \n\t\n\n<li >\n\t<a href='?page_no=17536'>Previous<\/a>\n\t<\/li>\n\n\n       \n    \n\n<li><a href='?page_no=1'>1<\/a><\/li>\n\n\n\n<li><a href='?page_no=2'>2<\/a><\/li>\n\n\n\n<li><a>...<\/a><\/li>\n\n\n\n<li><a href='?page_no=17535'>17535<\/a><\/li>\n\n\n\n<li><a href='?page_no=17536'>17536<\/a><\/li>\n\n\n\n<li class='active'><a>17537<\/a><\/li>\n\n\n\n<li><a href='?page_no=17538'>17538<\/a><\/li>\n\n\n\n<li><a href='?page_no=17539'>17539<\/a><\/li>\n\n\n\n<li><a>...<\/a><\/li>\n\n\n\n<li><a href='?page_no=22911'>22911<\/a><\/li>\n\n\n\n<li><a href='?page_no=22912'>22912<\/a><\/li>\n\n    \n\t\n\n<li >\n\t<a href='?page_no=17538'>Next<\/a>\n\t<\/li>\n\n\n    \n\n<li><a href='?page_no=22912'>Last &rsaquo;&rsaquo;<\/a><\/li>\n\n<\/ul>\n\n\n--><br \/>\n<\/body><\/p>\n","protected":false},"excerpt":{"rendered":"<p>Santo Domingo, RD; 23 abril, 12:25 pm.- La escuela de sociolog\u00eda de la Universidad Aut\u00f3noma de Santo Domingo UASD desarroll\u00f3 el pasado jueves 19 de abril una hermosa y emotiva jornada de recordaci\u00f3n en el decimo aniversario del fallecimiento del muy querido soci\u00f3logo dominicano Te\u00f3filo Barreiro. La jornada se inicio con la visita a la [&hellip;]<\/p>\n","protected":false},"author":3,"featured_media":0,"comment_status":"open","ping_status":"open","sticky":false,"template":"","format":"standard","meta":{"footnotes":""},"categories":[21],"tags":[],"class_list":["post-65859","post","type-post","status-publish","format-standard","hentry","category-cultura"],"_links":{"self":[{"href":"https:\/\/diariodominicano.com\/index.php?rest_route=\/wp\/v2\/posts\/65859","targetHints":{"allow":["GET"]}}],"collection":[{"href":"https:\/\/diariodominicano.com\/index.php?rest_route=\/wp\/v2\/posts"}],"about":[{"href":"https:\/\/diariodominicano.com\/index.php?rest_route=\/wp\/v2\/types\/post"}],"author":[{"embeddable":true,"href":"https:\/\/diariodominicano.com\/index.php?rest_route=\/wp\/v2\/users\/3"}],"replies":[{"embeddable":true,"href":"https:\/\/diariodominicano.com\/index.php?rest_route=%2Fwp%2Fv2%2Fcomments&post=65859"}],"version-history":[{"count":0,"href":"https:\/\/diariodominicano.com\/index.php?rest_route=\/wp\/v2\/posts\/65859\/revisions"}],"wp:attachment":[{"href":"https:\/\/diariodominicano.com\/index.php?rest_route=%2Fwp%2Fv2%2Fmedia&parent=65859"}],"wp:term":[{"taxonomy":"category","embeddable":true,"href":"https:\/\/diariodominicano.com\/index.php?rest_route=%2Fwp%2Fv2%2Fcategories&post=65859"},{"taxonomy":"post_tag","embeddable":true,"href":"https:\/\/diariodominicano.com\/index.php?rest_route=%2Fwp%2Fv2%2Ftags&post=65859"}],"curies":[{"name":"wp","href":"https:\/\/api.w.org\/{rel}","templated":true}]}}