{"id":658582,"date":"2026-01-05T01:51:35","date_gmt":"2026-01-05T05:51:35","guid":{"rendered":"https:\/\/diariodominicano.com\/?p=658582"},"modified":"2026-01-05T02:17:05","modified_gmt":"2026-01-05T06:17:05","slug":"cuba-amanece-en-duelo-nacional-tras-decreto-presidencial-1147","status":"publish","type":"post","link":"https:\/\/diariodominicano.com\/?p=658582","title":{"rendered":"Cuba amanece en Duelo Nacional tras Decreto Presidencial 1147"},"content":{"rendered":"\n<ul class=\"wp-block-list\">\n<li>enero 5, 2026<\/li>\n\n\n\n<li>CST00:01 GMT -05;00<\/li>\n<\/ul>\n\n\n\n<p>La Habana, 5 ene (Prensa Latina) Cuba amanece hoy bajo Duelo Nacional, declarado en el Decreto Presidencial No. 1147, en homenaje a los combatientes cubanos ca\u00eddos en el cumplimiento del deber durante la agresi\u00f3n estadounidense contra Venezuela.<\/p>\n\n\n\n<ul class=\"wp-block-list\">\n<li><a href=\"https:\/\/www.prensa-latina.cu\/2026\/01\/05\/cuba-amanece-en-duelo-nacional-tras-decreto-presidencial-1147\/#\"><\/a><\/li>\n\n\n\n<li><a href=\"https:\/\/www.prensa-latina.cu\/2026\/01\/05\/cuba-amanece-en-duelo-nacional-tras-decreto-presidencial-1147\/#\"><\/a><\/li>\n\n\n\n<li><a href=\"https:\/\/www.prensa-latina.cu\/2026\/01\/05\/cuba-amanece-en-duelo-nacional-tras-decreto-presidencial-1147\/#\"><\/a><\/li>\n\n\n\n<li><a href=\"https:\/\/www.prensa-latina.cu\/2026\/01\/05\/cuba-amanece-en-duelo-nacional-tras-decreto-presidencial-1147\/#\"><\/a><\/li>\n<\/ul>\n\n\n\n<p>Durante este per\u00edodo, que regir\u00e1 desde las 06:00, hora local, de hoy hasta las 24:00 horas del martes 6 de enero, la Bandera de la Estrella Solitaria ondear\u00e1 a media asta en todos los edificios p\u00fablicos e instalaciones militares del pa\u00eds, y quedan suspendidos los espect\u00e1culos y actividades p\u00fablicas.<\/p>\n\n\n\n<p>\u00abCon profundo dolor nuestro pueblo ha conocido que durante el criminal ataque perpetrado por el gobierno de los Estados Unidos contra la hermana Rep\u00fablica Bolivariana de Venezuela, efectuado en la madrugada del 3 de enero de 2026, perdieron la vida en acciones combativas 32 cubanos, quienes cumpl\u00edan misiones en representaci\u00f3n de las Fuerzas Armadas Revolucionarias y el Ministerio del Interior, a solicitud de \u00f3rganos hom\u00f3logos de ese pa\u00eds\u00bb, expres\u00f3 el presidente, Miguel D\u00edaz-Canel, en su declaraci\u00f3n.<\/p>\n\n\n\n<p>\u00abNuestros compatriotas cumplieron dignamente con su deber y cayeron, tras f\u00e9rrea resistencia, en combate directo contra los atacantes o como resultado de los bombardeos a las instalaciones y supieron poner en alto, con su actuaci\u00f3n heroica, el sentir solidario de millones de compatriotas\u00bb, agreg\u00f3 el mandatario.<\/p>\n\n\n\n<p>jcm\/bbb<\/p>\n\n\n\n<ul class=\"wp-block-list\">\n<li>#<a href=\"https:\/\/www.prensa-latina.cu\/etiqueta\/cuba\/\">cuba<\/a><\/li>\n<\/ul>\n","protected":false},"excerpt":{"rendered":"<p>La Habana, 5 ene (Prensa Latina) Cuba amanece hoy bajo Duelo Nacional, declarado en el Decreto Presidencial No. 1147, en homenaje a los combatientes cubanos ca\u00eddos en el cumplimiento del deber durante la agresi\u00f3n estadounidense contra Venezuela. Durante este per\u00edodo, que regir\u00e1 desde las 06:00, hora local, de hoy hasta las 24:00 horas del martes [&hellip;]<\/p>\n","protected":false},"author":2,"featured_media":658583,"comment_status":"closed","ping_status":"closed","sticky":false,"template":"","format":"standard","meta":{"footnotes":""},"categories":[26,23],"tags":[3100],"class_list":["post-658582","post","type-post","status-publish","format-standard","has-post-thumbnail","hentry","category-efemerides","category-internacional","tag-cuba"],"_links":{"self":[{"href":"https:\/\/diariodominicano.com\/index.php?rest_route=\/wp\/v2\/posts\/658582","targetHints":{"allow":["GET"]}}],"collection":[{"href":"https:\/\/diariodominicano.com\/index.php?rest_route=\/wp\/v2\/posts"}],"about":[{"href":"https:\/\/diariodominicano.com\/index.php?rest_route=\/wp\/v2\/types\/post"}],"author":[{"embeddable":true,"href":"https:\/\/diariodominicano.com\/index.php?rest_route=\/wp\/v2\/users\/2"}],"replies":[{"embeddable":true,"href":"https:\/\/diariodominicano.com\/index.php?rest_route=%2Fwp%2Fv2%2Fcomments&post=658582"}],"version-history":[{"count":1,"href":"https:\/\/diariodominicano.com\/index.php?rest_route=\/wp\/v2\/posts\/658582\/revisions"}],"predecessor-version":[{"id":658584,"href":"https:\/\/diariodominicano.com\/index.php?rest_route=\/wp\/v2\/posts\/658582\/revisions\/658584"}],"wp:featuredmedia":[{"embeddable":true,"href":"https:\/\/diariodominicano.com\/index.php?rest_route=\/wp\/v2\/media\/658583"}],"wp:attachment":[{"href":"https:\/\/diariodominicano.com\/index.php?rest_route=%2Fwp%2Fv2%2Fmedia&parent=658582"}],"wp:term":[{"taxonomy":"category","embeddable":true,"href":"https:\/\/diariodominicano.com\/index.php?rest_route=%2Fwp%2Fv2%2Fcategories&post=658582"},{"taxonomy":"post_tag","embeddable":true,"href":"https:\/\/diariodominicano.com\/index.php?rest_route=%2Fwp%2Fv2%2Ftags&post=658582"}],"curies":[{"name":"wp","href":"https:\/\/api.w.org\/{rel}","templated":true}]}}