{"id":658580,"date":"2026-01-05T01:45:24","date_gmt":"2026-01-05T05:45:24","guid":{"rendered":"https:\/\/diariodominicano.com\/?p=658580"},"modified":"2026-01-05T02:19:54","modified_gmt":"2026-01-05T06:19:54","slug":"nieto-de-allende-compara-agresion-a-venezuela-con-golpe-en-chile","status":"publish","type":"post","link":"https:\/\/diariodominicano.com\/?p=658580","title":{"rendered":"Nieto de Allende compara agresi\u00f3n a Venezuela con golpe en Chile"},"content":{"rendered":"\n<p>Santiago de Chile, 5 ene (Prensa Latina) La agresi\u00f3n contra Venezuela y el secuestro de su presidente es hoy una continuidad de la pol\u00edtica de Estados Unidos para desestabilizar gobiernos, como lo hizo en 1973 en Chile, denunci\u00f3 el nieto del mandatario Salvador Allende.<\/p>\n\n\n\n<ul class=\"wp-block-list\">\n<li><a href=\"https:\/\/www.prensa-latina.cu\/2026\/01\/05\/\"><time>enero 5, 2026 | 00:22<\/time><\/a><\/li>\n<\/ul>\n\n\n\n<ul class=\"wp-block-list\">\n<li><a href=\"https:\/\/www.prensa-latina.cu\/2026\/01\/05\/nieto-de-allende-compara-agresion-a-venezuela-con-golpe-en-chile\/#\"><\/a><\/li>\n\n\n\n<li><a href=\"https:\/\/www.prensa-latina.cu\/2026\/01\/05\/nieto-de-allende-compara-agresion-a-venezuela-con-golpe-en-chile\/#\"><\/a><\/li>\n\n\n\n<li><a href=\"https:\/\/www.prensa-latina.cu\/2026\/01\/05\/nieto-de-allende-compara-agresion-a-venezuela-con-golpe-en-chile\/#\"><\/a><\/li>\n\n\n\n<li><a href=\"https:\/\/www.prensa-latina.cu\/2026\/01\/05\/nieto-de-allende-compara-agresion-a-venezuela-con-golpe-en-chile\/#\"><\/a><\/li>\n<\/ul>\n\n\n\n<p>En entrevista concedida a Prensa Latina, advirti\u00f3 Pablo Sep\u00falveda Allende que Washington atac\u00f3 al pa\u00eds sudamericano, no porque le interese la democracia ni la lucha contra el narcotr\u00e1fico, sino para apoderarse de la principal reserva de petr\u00f3leo del mundo.<\/p>\n\n\n\n<p>Record\u00f3 que, en la nueva Estrategia de Seguridad Nacional divulgada recientemente, la Casa Blanca plantea la reedici\u00f3n de la Doctrina Monroe de Am\u00e9rica para los americanos, que ve a la regi\u00f3n como su patio trasero.<\/p>\n\n\n\n<p>\u201cAm\u00e9rica Latina es riqu\u00edsima en recursos naturales. Estados Unidos pretende sacar las inversiones de China y de otras potencias, porque quieren todo para ellos\u201d, dijo.<\/p>\n\n\n\n<p>El tambi\u00e9n m\u00e9dico de profesi\u00f3n alert\u00f3 que Chile tiene importantes reservas de litio y oro y, en caso de que quisiera recuperar esas riquezas para el inter\u00e9s nacional, podr\u00eda estar expuesto a una intervenci\u00f3n.<\/p>\n\n\n\n<p>\u201cLa causa fundamental del golpe de Estado de 1973 contra el gobierno de Salvador Allende fue porque nacionaliz\u00f3 el cobre, que era la principal reserva y un mineral estrat\u00e9gico\u201d, asegur\u00f3.<\/p>\n\n\n\n<p>Nuestro entrevistado hizo un paralelo entre las medidas aplicadas por Estados Unidos para asfixiar la econom\u00eda venezolana y las implementadas en Chile.<\/p>\n\n\n\n<p>Washington bloque\u00f3 el sector energ\u00e9tico de ese pa\u00eds, lo despoj\u00f3 de sus activos, entre ellos la empresa Citgo, y en fecha reciente confisc\u00f3 buques petroleros.<\/p>\n\n\n\n<p>Las sanciones para hacer colapsar a Venezuela recuerdan a cuando el presidente Richard Nixon dijo que har\u00eda chillar la econom\u00eda chilena para crear una situaci\u00f3n que provocase el golpe de Estado y el asesinato del presidente Allende, record\u00f3.<\/p>\n\n\n\n<p>Pablo Sep\u00falveda Allende, quien vivi\u00f3 11 a\u00f1os en Venezuela, destac\u00f3 los avances en esa naci\u00f3n desde la llegada al poder del presidente Hugo Ch\u00e1vez y la posterior continuidad con Nicol\u00e1s Maduro.<\/p>\n\n\n\n<p>La Revoluci\u00f3n Bolivariana reparti\u00f3 las riquezas naturales en el pueblo, pero adem\u00e1s organiz\u00f3 el ALBA, la Unasur, la Celac y empez\u00f3 un proceso de integraci\u00f3n para que Am\u00e9rica Latina hablara con una sola voz, y todo eso molestaba a Estados Unidos, denunci\u00f3.<\/p>\n\n\n\n<p>En opini\u00f3n de nuestro entrevistado, si los pa\u00edses del \u00e1rea no paran la agresi\u00f3n norteamericana contra Venezuela, entonces continuar\u00e1n por Colombia y por todos los pa\u00edses que no obedezcan sus lineamientos.<\/p>\n\n\n\n<p>El nieto de Allende record\u00f3 las palabras del Libertador Sim\u00f3n Bol\u00edvar cuando dijo que \u201clos Estados Unidos parecen destinados por la Providencia a plagar la Am\u00e9rica de miserias en nombre de la libertad\u00bb.<\/p>\n\n\n\n<p>ro\/car<\/p>\n\n\n\n<ul class=\"wp-block-list\">\n<li>#<a href=\"https:\/\/www.prensa-latina.cu\/etiqueta\/chile-venezuela-eeuu-agresion-nieto-de-allende\/\">Chile Venezuela EEUU Agresi\u00f3n Nieto de Allende<\/a><\/li>\n<\/ul>\n","protected":false},"excerpt":{"rendered":"<p>Santiago de Chile, 5 ene (Prensa Latina) La agresi\u00f3n contra Venezuela y el secuestro de su presidente es hoy una continuidad de la pol\u00edtica de Estados Unidos para desestabilizar gobiernos, como lo hizo en 1973 en Chile, denunci\u00f3 el nieto del mandatario Salvador Allende. En entrevista concedida a Prensa Latina, advirti\u00f3 Pablo Sep\u00falveda Allende que [&hellip;]<\/p>\n","protected":false},"author":2,"featured_media":0,"comment_status":"closed","ping_status":"closed","sticky":false,"template":"","format":"standard","meta":{"footnotes":""},"categories":[23],"tags":[2849,1375],"class_list":["post-658580","post","type-post","status-publish","format-standard","hentry","category-internacional","tag-chile","tag-venezuela"],"_links":{"self":[{"href":"https:\/\/diariodominicano.com\/index.php?rest_route=\/wp\/v2\/posts\/658580","targetHints":{"allow":["GET"]}}],"collection":[{"href":"https:\/\/diariodominicano.com\/index.php?rest_route=\/wp\/v2\/posts"}],"about":[{"href":"https:\/\/diariodominicano.com\/index.php?rest_route=\/wp\/v2\/types\/post"}],"author":[{"embeddable":true,"href":"https:\/\/diariodominicano.com\/index.php?rest_route=\/wp\/v2\/users\/2"}],"replies":[{"embeddable":true,"href":"https:\/\/diariodominicano.com\/index.php?rest_route=%2Fwp%2Fv2%2Fcomments&post=658580"}],"version-history":[{"count":1,"href":"https:\/\/diariodominicano.com\/index.php?rest_route=\/wp\/v2\/posts\/658580\/revisions"}],"predecessor-version":[{"id":658581,"href":"https:\/\/diariodominicano.com\/index.php?rest_route=\/wp\/v2\/posts\/658580\/revisions\/658581"}],"wp:attachment":[{"href":"https:\/\/diariodominicano.com\/index.php?rest_route=%2Fwp%2Fv2%2Fmedia&parent=658580"}],"wp:term":[{"taxonomy":"category","embeddable":true,"href":"https:\/\/diariodominicano.com\/index.php?rest_route=%2Fwp%2Fv2%2Fcategories&post=658580"},{"taxonomy":"post_tag","embeddable":true,"href":"https:\/\/diariodominicano.com\/index.php?rest_route=%2Fwp%2Fv2%2Ftags&post=658580"}],"curies":[{"name":"wp","href":"https:\/\/api.w.org\/{rel}","templated":true}]}}