{"id":65858,"date":"2012-04-23T18:32:53","date_gmt":"2012-04-23T18:32:53","guid":{"rendered":"http:\/\/diariodominicano.ddns.net\/?p=65858"},"modified":"2012-04-23T18:32:53","modified_gmt":"2012-04-23T18:32:53","slug":"ministerios-de-cultura-y-educacion-inician-el-programa-de-sensibilizacion-patrimonial","status":"publish","type":"post","link":"https:\/\/diariodominicano.com\/?p=65858","title":{"rendered":"Ministerios de Cultura y Educaci\u00f3n inician el \u00abPrograma de Sensibilizaci\u00f3n Patrimonial\u00bb"},"content":{"rendered":"<p><body><\/p>\n<p><img decoding=\"async\" src=\"img3\/CULTURA Y EDUCACION.jpg\" \/><br \/><img decoding=\"async\" src=\"img3\/CULTURA Y EDUCACION 2.jpg\" \/>  <\/p>\n<p><span class=\"text1noticias\">02:40 PM SANTO DOM9NGO, RD, 23 Abr 2012.-Los Ministerios de Cultura y Educaci\u00f3n dieron inicio al \u00abPrograma de Sensibilizaci\u00f3n Patrimonial\u00bb con la apertura el s\u00e1bado 14 de abril del curso taller \u00abPatrimonio Cultural: Herramientas Pedag\u00f3gicas para su Abordaje en la Escuela\u00bb, dirigido a docentes y t\u00e9cnicos de Educaci\u00f3n Art\u00edstica. Etapa que concluir\u00e1 el s\u00e1bado 28 de abril.<\/span><\/p>\n<\/p>\n<p><span class=\"text1noticias\">El acto inaugural fue presidido por la Lic. Lourdes Camilo de Cuello, Viceministra de Patrimonio Cultural, la Lic. Cruz Mar\u00eda Dotel, encargada del \u00c1rea de Educaci\u00f3n Art\u00edstica en representaci\u00f3n de las autoridades del Ministerio de Educaci\u00f3n; la Lic. Rosa Elena Rodr\u00edguez, Directora General de Formaci\u00f3n y Capacitaci\u00f3n y el Arq. Wilfredo Feliz Taveras, Director de Patrimonio Cultural Subacu\u00e1tico del MINC.<\/span><\/p>\n<\/p>\n<p><span class=\"text1noticias\">Este programa, organizado por la Direcci\u00f3n General de Formaci\u00f3n y Capacitaci\u00f3n del Ministerio de Cultura y el \u00c1rea de Educaci\u00f3n Art\u00edstica de la Direcci\u00f3n General de Curr\u00edculo del Viceministerio de Asuntos T\u00e9cnicos y Pedag\u00f3gicos del MINERD, inicia con cuatro talleres dirigidos a unos 160 docentes y t\u00e9cnicos del \u00c1rea de Educaci\u00f3n Art\u00edstica, distribuidos: S\u00e1bado 14: docentes de Nivel Medio de la Regional Santo Domingo 15;  viernes 20: T\u00e9cnicos Docentes Nacionales,  T\u00e9cnicos Regionales (de todo el pa\u00eds) y T\u00e9cnicos Distritales de las Regionales de Santo Domingo y San Crist\u00f3bal 10, 15 y 04   (Villa Mella, Sabana Perdida, Los Mina, Alma Rosa,   Boca Chica y Mendoza, Santo Domingo Centro, Sur Central, Oeste, Noroeste y Los Alcarrizos, Cambita, San Crist\u00f3bal Norte, Sur, Villa Altagracia, Yaguate y Haina); el S\u00e1bado 21:  docentes de Nivel Medio de la Regional Santo Domingo 10 y S\u00e1bado 28: docentes del Nivel Medio de la Regional 04 de San Crist\u00f3bal.<\/span><\/p>\n<\/p>\n<p><span class=\"text1noticias\">La Lic. Lourdes Camilo de Cuello, resalt\u00f3 la importancia de concienciar a la juventud dominicana para la conservaci\u00f3n del patrimonio cultural de la naci\u00f3n y fortalecer la identidad nacional a trav\u00e9s de la transmisi\u00f3n del conocimiento de los valores de sus bienes culturales. La Lic. Cruz Mar\u00eda Dotel, destac\u00f3 la importancia de un rico intercambio de pr\u00e1cticas educativas y culturales en la construcci\u00f3n de valores en los ciudadanos y ciudadanas de nuestro pa\u00eds,  a trav\u00e9s del conocimiento del patrimonio. En tanto que la Lic. Rosa Elena Rodr\u00edguez, enfatiz\u00f3 la importancia de la articulaci\u00f3n de  instituciones de formaci\u00f3n nacional para la conformaci\u00f3n de un ciudadano integral que emerja con el fortalecimiento de su identidad y que preserve su  sentido y concepto de naci\u00f3n.<\/span><\/p>\n<\/p>\n<p><span class=\"text1noticias\">Por parte del Ministerio de Cultura participar\u00e1n como docentes Nerva Fondeur, Japonesa Capell\u00e1n, Martha Roquel y Geo Ripley, representantes de las Direcciones de Cooperaci\u00f3n Cultural, Turismo Cultural, Patrimonio Cultural Subacu\u00e1tico y Patrimonio Cultural Intangible respectivamente. En la coordinaci\u00f3n log\u00edstica participan Nurys Dom\u00ednguez de la DGFC y Carmen Dur\u00e1n y Mar\u00eda Fulgencio del Departamento de Animaci\u00f3n Sociocultural del MINC. <\/span><\/p>\n<\/p>\n<p><span class=\"text1noticias\">Los cursos talleres ser\u00e1n celebrados durante el mes de abril de 2012, en el Centro de Altos Estudios Human\u00edsticos y del Idioma Espa\u00f1ol e incluyen visitas guiadas a monumentos y sitios en la Ciudad Colonial de Santo Domingo.<\/span><\/p>\n<p><span class=\"text1noticias\"><strong><em><u>CG.<\/u><\/em><\/strong><\/span><\/p>\n<\/p>\n<h6> 2012-04-23 18:32:53 <\/h6>\n<p><!--\n<link rel=\"stylesheet\" href=\"css\/bootstrap.min.css\">\n\n\n<ul class=\"pagination\">\n\t    \n\t\n\n<li >\n\t<a href='?page_no=17535'>Previous<\/a>\n\t<\/li>\n\n\n       \n    \n\n<li><a href='?page_no=1'>1<\/a><\/li>\n\n\n\n<li><a href='?page_no=2'>2<\/a><\/li>\n\n\n\n<li><a>...<\/a><\/li>\n\n\n\n<li><a href='?page_no=17534'>17534<\/a><\/li>\n\n\n\n<li><a href='?page_no=17535'>17535<\/a><\/li>\n\n\n\n<li class='active'><a>17536<\/a><\/li>\n\n\n\n<li><a href='?page_no=17537'>17537<\/a><\/li>\n\n\n\n<li><a href='?page_no=17538'>17538<\/a><\/li>\n\n\n\n<li><a>...<\/a><\/li>\n\n\n\n<li><a href='?page_no=22911'>22911<\/a><\/li>\n\n\n\n<li><a href='?page_no=22912'>22912<\/a><\/li>\n\n    \n\t\n\n<li >\n\t<a href='?page_no=17537'>Next<\/a>\n\t<\/li>\n\n\n    \n\n<li><a href='?page_no=22912'>Last &rsaquo;&rsaquo;<\/a><\/li>\n\n<\/ul>\n\n\n--><br \/>\n<\/body><\/p>\n","protected":false},"excerpt":{"rendered":"<p>02:40 PM SANTO DOM9NGO, RD, 23 Abr 2012.-Los Ministerios de Cultura y Educaci\u00f3n dieron inicio al \u00abPrograma de Sensibilizaci\u00f3n Patrimonial\u00bb con la apertura el s\u00e1bado 14 de abril del curso taller \u00abPatrimonio Cultural: Herramientas Pedag\u00f3gicas para su Abordaje en la Escuela\u00bb, dirigido a docentes y t\u00e9cnicos de Educaci\u00f3n Art\u00edstica. Etapa que concluir\u00e1 el s\u00e1bado 28 [&hellip;]<\/p>\n","protected":false},"author":3,"featured_media":0,"comment_status":"open","ping_status":"open","sticky":false,"template":"","format":"standard","meta":{"footnotes":""},"categories":[21],"tags":[],"class_list":["post-65858","post","type-post","status-publish","format-standard","hentry","category-cultura"],"_links":{"self":[{"href":"https:\/\/diariodominicano.com\/index.php?rest_route=\/wp\/v2\/posts\/65858","targetHints":{"allow":["GET"]}}],"collection":[{"href":"https:\/\/diariodominicano.com\/index.php?rest_route=\/wp\/v2\/posts"}],"about":[{"href":"https:\/\/diariodominicano.com\/index.php?rest_route=\/wp\/v2\/types\/post"}],"author":[{"embeddable":true,"href":"https:\/\/diariodominicano.com\/index.php?rest_route=\/wp\/v2\/users\/3"}],"replies":[{"embeddable":true,"href":"https:\/\/diariodominicano.com\/index.php?rest_route=%2Fwp%2Fv2%2Fcomments&post=65858"}],"version-history":[{"count":0,"href":"https:\/\/diariodominicano.com\/index.php?rest_route=\/wp\/v2\/posts\/65858\/revisions"}],"wp:attachment":[{"href":"https:\/\/diariodominicano.com\/index.php?rest_route=%2Fwp%2Fv2%2Fmedia&parent=65858"}],"wp:term":[{"taxonomy":"category","embeddable":true,"href":"https:\/\/diariodominicano.com\/index.php?rest_route=%2Fwp%2Fv2%2Fcategories&post=65858"},{"taxonomy":"post_tag","embeddable":true,"href":"https:\/\/diariodominicano.com\/index.php?rest_route=%2Fwp%2Fv2%2Ftags&post=65858"}],"curies":[{"name":"wp","href":"https:\/\/api.w.org\/{rel}","templated":true}]}}