{"id":658577,"date":"2026-01-05T01:41:52","date_gmt":"2026-01-05T05:41:52","guid":{"rendered":"https:\/\/diariodominicano.com\/?p=658577"},"modified":"2026-01-05T02:19:38","modified_gmt":"2026-01-05T06:19:38","slug":"presidente-nicolas-maduro-comparece-hoy-en-corte-de-nueva-york","status":"publish","type":"post","link":"https:\/\/diariodominicano.com\/?p=658577","title":{"rendered":"Presidente Nicol\u00e1s Maduro comparece hoy en corte de Nueva York"},"content":{"rendered":"\n<p>Washington, 5 ene (Prensa Latina) El presidente constitucional de Venezuela, Nicol\u00e1s Maduro, comparecer\u00e1 hoy ante una corte de Nueva York, tras su secuestro el 3 de enero durante un ataque a\u00e9reo ordenado por Donald Trump y ejecutado por fuerzas especiales de Estados Unidos.<\/p>\n\n\n\n<ul class=\"wp-block-list\">\n<li><a href=\"https:\/\/www.prensa-latina.cu\/2026\/01\/05\/\"><time>enero 5, 2026 | 00:05<\/time><\/a><\/li>\n<\/ul>\n\n\n\n<ul class=\"wp-block-list\">\n<li><a href=\"https:\/\/www.prensa-latina.cu\/2026\/01\/05\/presidente-nicolas-maduro-comparece-hoy-en-corte-de-nueva-york\/#\"><\/a><\/li>\n\n\n\n<li><a href=\"https:\/\/www.prensa-latina.cu\/2026\/01\/05\/presidente-nicolas-maduro-comparece-hoy-en-corte-de-nueva-york\/#\"><\/a><\/li>\n\n\n\n<li><a href=\"https:\/\/www.prensa-latina.cu\/2026\/01\/05\/presidente-nicolas-maduro-comparece-hoy-en-corte-de-nueva-york\/#\"><\/a><\/li>\n\n\n\n<li><a href=\"https:\/\/www.prensa-latina.cu\/2026\/01\/05\/presidente-nicolas-maduro-comparece-hoy-en-corte-de-nueva-york\/#\"><\/a><\/li>\n<\/ul>\n\n\n\n<p>Seg\u00fan un portavoz del Tribunal del Distrito Sur de Nueva York, Maduro y su esposa, la diputada Cilia Flores, ser\u00e1n conducidos ante el juez federal Alvin K. Hellerstein en Manhattan a las 12:00 hora local.<\/p>\n\n\n\n<p>Desde la noche del s\u00e1bado ambos ingresaron al Centro de Detenci\u00f3n Metropolitano (MDC) de Brooklyn, una prisi\u00f3n federal de alta seguridad y esta ser\u00e1 la primera audiencia ante la justicia de Estados Unidos luego del montaje de un caso que, a juicio de observadores, solo persigue el cambio de r\u00e9gimen en Venezuela y el anunciado dominio por el propio Trump de las reservas petroleras de la naci\u00f3n sudamericana.<\/p>\n\n\n\n<p>La audiencia se efectuar\u00e1 apenas 48 horas despu\u00e9s de que el Gobierno de Estados Unidos anunciara rapto del l\u00edder bolivariano y su compa\u00f1era de vida, en una operaci\u00f3n que incluy\u00f3 bombardeos contra objetivos en varios puntos de Venezuela.<\/p>\n\n\n\n<p>Pam Bondi, fiscal general de Estados Unidos, public\u00f3 en X un comunicado conjunto con el Departamento de Justicia, el FBI y la Administraci\u00f3n para el Control de Drogas (DEA) sobre el operativo que result\u00f3 en el secuestro de Maduro.<\/p>\n\n\n\n<p>Se\u00f1al\u00f3 que la acci\u00f3n requiri\u00f3 meses de planificaci\u00f3n y que ten\u00eda el objetivo de \u00abgarantizar el traslado seguro de los acusados al pa\u00eds para enfrentar los cargos federales que se les imputan\u00bb.<\/p>\n\n\n\n<p>\u00abSe exploraron todas las opciones legales para resolver la situaci\u00f3n de manera pac\u00edfica\u00bb, pero la responsabilidad del desenlace recae en \u00abla persistencia en la conducta delictiva\u00bb de los acusados, afirm\u00f3 Bondi.<\/p>\n\n\n\n<p>La coalici\u00f3n Answer advirti\u00f3 que luego de semanas de amenazas de Trump de que pronto comenzar\u00eda una invasi\u00f3n terrestre en Venezuela la agresi\u00f3n se produjo y que este podr\u00eda ser el comienzo de otra guerra, basada completamente en mentiras.<\/p>\n\n\n\n<p>Para la organizaci\u00f3n anti-belicista no se tratar\u00eda de un combate del Gobierno de Trump al narcotr\u00e1fico ni de defender la democracia, sino de robar el petr\u00f3leo de Venezuela y dominar Am\u00e9rica Latina.<\/p>\n\n\n\n<p>Poco antes de las 17:00 hora local del s\u00e1bado aterriz\u00f3 en una base militar de Nueva York el avi\u00f3n que condujo a Maduro, quien descendi\u00f3 de la aeronave tiempo despu\u00e9s bajo un fuerte dispositivo de seguridad, encapuchado, caminando con dificultad y al parecer esposado. Era muy escasa la visibilidad, de acuerdo con las im\u00e1genes transmitidas aqu\u00ed en la televisi\u00f3n.<\/p>\n\n\n\n<p>Este fin de semana fue de protestas contra la guerra y de apoyo a Venezuela en varias ciudades estadounidenses entre ellas, la capital del pa\u00eds. Ayer tambi\u00e9n tuvo lugar una masiva manifestaci\u00f3n frente al Centro de Detenci\u00f3n Metropolitano de Brooklyn, donde se encuentran bajo custodia Maduro y su esposa.<\/p>\n\n\n\n<p>La concentraci\u00f3n exigi\u00f3 a Trump el fin de los golpes de Estado, del intervencionismo de Estados Unidos y del secuestro de presidente de una naci\u00f3n soberana.<\/p>\n\n\n\n<p>El 70 por ciento de los ciudadanos del pa\u00eds est\u00e1 en contra de una acci\u00f3n militar en Venezuela, a tono con las encuestas.<\/p>\n\n\n\n<p>jcm\/dfm<\/p>\n\n\n\n<ul class=\"wp-block-list\">\n<li>#<a href=\"https:\/\/www.prensa-latina.cu\/etiqueta\/venezuela\/\">Venezuela<\/a><\/li>\n<\/ul>\n","protected":false},"excerpt":{"rendered":"<p>Washington, 5 ene (Prensa Latina) El presidente constitucional de Venezuela, Nicol\u00e1s Maduro, comparecer\u00e1 hoy ante una corte de Nueva York, tras su secuestro el 3 de enero durante un ataque a\u00e9reo ordenado por Donald Trump y ejecutado por fuerzas especiales de Estados Unidos. Seg\u00fan un portavoz del Tribunal del Distrito Sur de Nueva York, Maduro [&hellip;]<\/p>\n","protected":false},"author":2,"featured_media":658578,"comment_status":"closed","ping_status":"closed","sticky":false,"template":"","format":"standard","meta":{"footnotes":""},"categories":[23,29],"tags":[2462,1375],"class_list":["post-658577","post","type-post","status-publish","format-standard","has-post-thumbnail","hentry","category-internacional","category-policiasucesos","tag-nueva-york-2","tag-venezuela"],"_links":{"self":[{"href":"https:\/\/diariodominicano.com\/index.php?rest_route=\/wp\/v2\/posts\/658577","targetHints":{"allow":["GET"]}}],"collection":[{"href":"https:\/\/diariodominicano.com\/index.php?rest_route=\/wp\/v2\/posts"}],"about":[{"href":"https:\/\/diariodominicano.com\/index.php?rest_route=\/wp\/v2\/types\/post"}],"author":[{"embeddable":true,"href":"https:\/\/diariodominicano.com\/index.php?rest_route=\/wp\/v2\/users\/2"}],"replies":[{"embeddable":true,"href":"https:\/\/diariodominicano.com\/index.php?rest_route=%2Fwp%2Fv2%2Fcomments&post=658577"}],"version-history":[{"count":1,"href":"https:\/\/diariodominicano.com\/index.php?rest_route=\/wp\/v2\/posts\/658577\/revisions"}],"predecessor-version":[{"id":658579,"href":"https:\/\/diariodominicano.com\/index.php?rest_route=\/wp\/v2\/posts\/658577\/revisions\/658579"}],"wp:featuredmedia":[{"embeddable":true,"href":"https:\/\/diariodominicano.com\/index.php?rest_route=\/wp\/v2\/media\/658578"}],"wp:attachment":[{"href":"https:\/\/diariodominicano.com\/index.php?rest_route=%2Fwp%2Fv2%2Fmedia&parent=658577"}],"wp:term":[{"taxonomy":"category","embeddable":true,"href":"https:\/\/diariodominicano.com\/index.php?rest_route=%2Fwp%2Fv2%2Fcategories&post=658577"},{"taxonomy":"post_tag","embeddable":true,"href":"https:\/\/diariodominicano.com\/index.php?rest_route=%2Fwp%2Fv2%2Ftags&post=658577"}],"curies":[{"name":"wp","href":"https:\/\/api.w.org\/{rel}","templated":true}]}}