{"id":658572,"date":"2026-01-05T01:26:25","date_gmt":"2026-01-05T05:26:25","guid":{"rendered":"https:\/\/diariodominicano.com\/?p=658572"},"modified":"2026-01-05T02:19:22","modified_gmt":"2026-01-05T06:19:22","slug":"venezuela-anuncia-comision-para-la-liberacion-de-nicolas-maduro","status":"publish","type":"post","link":"https:\/\/diariodominicano.com\/?p=658572","title":{"rendered":"Venezuela anuncia comisi\u00f3n para la liberaci\u00f3n de Nicol\u00e1s Maduro"},"content":{"rendered":"\n<ul class=\"wp-block-list\">\n<li>enero 5, 2026<\/li>\n\n\n\n<li>CST00:01 GMT -05;00<\/li>\n<\/ul>\n\n\n\n<p>Caracas, 4 ene (Prensa Latina) La presidenta encargada de Venezuela, Delcy Rodr\u00edguez, anunci\u00f3 hoy la creaci\u00f3n de una comisi\u00f3n de alto nivel destinada a coordinar acciones de diverso tipo para liberar al presidente Nicol\u00e1s Maduro y su esposa Cilia Flores.<\/p>\n\n\n\n<p><\/p>\n\n\n\n<ul class=\"wp-block-list\">\n<li><a href=\"https:\/\/www.prensa-latina.cu\/2026\/01\/05\/venezuela-anuncia-comision-para-la-liberacion-de-nicolas-maduro\/#\"><\/a><\/li>\n\n\n\n<li><a href=\"https:\/\/www.prensa-latina.cu\/2026\/01\/05\/venezuela-anuncia-comision-para-la-liberacion-de-nicolas-maduro\/#\"><\/a><\/li>\n\n\n\n<li><a href=\"https:\/\/www.prensa-latina.cu\/2026\/01\/05\/venezuela-anuncia-comision-para-la-liberacion-de-nicolas-maduro\/#\"><\/a><\/li>\n\n\n\n<li><a href=\"https:\/\/www.prensa-latina.cu\/2026\/01\/05\/venezuela-anuncia-comision-para-la-liberacion-de-nicolas-maduro\/#\"><\/a><\/li>\n<\/ul>\n\n\n\n<p>Esa comisi\u00f3n realizar\u00e1 acciones pol\u00edticas, jur\u00eddicas y diplom\u00e1ticas para poner fin al secuestro por Estados Unidos del mandatario de Venezuela y de Flores.<\/p>\n\n\n\n<p>Tal anuncio fue realizado por el ministro del Poder Popular para la Comunicaci\u00f3n y la Informaci\u00f3n, Freddy \u00d1\u00e1\u00f1ez, quien se\u00f1al\u00f3 que la comisi\u00f3n la integrar\u00e1n representantes de distintas instituciones del Estado, para articular una respuesta unificada frente a una agresi\u00f3n directa contra la soberan\u00eda nacional.<\/p>\n\n\n\n<p>De acuerdo con fuentes oficiales, la comisi\u00f3n tendr\u00e1 como prioridad activar mecanismos del derecho internacional, establecer contactos con gobiernos aliados y organismos multilaterales.<\/p>\n\n\n\n<p>Adem\u00e1s, la nueva entidad impulsar\u00e1 una estrategia comunicacional que visibilice el caso en foros regionales y globales, especialmente en espacios como la ONU y la Comunidad de Estados Latinoamericanos y Caribe\u00f1os.<\/p>\n\n\n\n<p>El Gobierno venezolano sostiene que esta situaci\u00f3n forma parte de una escalada de presi\u00f3n pol\u00edtica contra el pa\u00eds y reafirma que no reconocer\u00e1 ninguna acci\u00f3n que vulnere el mandato popular.<\/p>\n\n\n\n<p>Las autoridades del pa\u00eds suramericano reiteraron su llamado a la solidaridad internacional y a la defensa del principio de autodeterminaci\u00f3n de los pueblos.<\/p>\n\n\n\n<p>Caracas calific\u00f3 las acciones de Washington como una \u201cgrav\u00edsima agresi\u00f3n militar\u201d y advirti\u00f3 que el objetivo de los ataques \u201cno es otro que apoderarse de los recursos estrat\u00e9gicos de Venezuela, en particular de su petr\u00f3leo y minerales, intentando quebrar por la fuerza la independencia pol\u00edtica de la naci\u00f3n\u201d.<\/p>\n\n\n\n<p>ro\/to<\/p>\n\n\n\n<ul class=\"wp-block-list\">\n<li>#<a href=\"https:\/\/www.prensa-latina.cu\/etiqueta\/secuestro\/\">secuestro<\/a><\/li>\n<\/ul>\n","protected":false},"excerpt":{"rendered":"<p>Caracas, 4 ene (Prensa Latina) La presidenta encargada de Venezuela, Delcy Rodr\u00edguez, anunci\u00f3 hoy la creaci\u00f3n de una comisi\u00f3n de alto nivel destinada a coordinar acciones de diverso tipo para liberar al presidente Nicol\u00e1s Maduro y su esposa Cilia Flores. Esa comisi\u00f3n realizar\u00e1 acciones pol\u00edticas, jur\u00eddicas y diplom\u00e1ticas para poner fin al secuestro por Estados [&hellip;]<\/p>\n","protected":false},"author":2,"featured_media":658573,"comment_status":"closed","ping_status":"closed","sticky":false,"template":"","format":"standard","meta":{"footnotes":""},"categories":[23,22,27],"tags":[1375],"class_list":["post-658572","post","type-post","status-publish","format-standard","has-post-thumbnail","hentry","category-internacional","category-politica","category-portada","tag-venezuela"],"_links":{"self":[{"href":"https:\/\/diariodominicano.com\/index.php?rest_route=\/wp\/v2\/posts\/658572","targetHints":{"allow":["GET"]}}],"collection":[{"href":"https:\/\/diariodominicano.com\/index.php?rest_route=\/wp\/v2\/posts"}],"about":[{"href":"https:\/\/diariodominicano.com\/index.php?rest_route=\/wp\/v2\/types\/post"}],"author":[{"embeddable":true,"href":"https:\/\/diariodominicano.com\/index.php?rest_route=\/wp\/v2\/users\/2"}],"replies":[{"embeddable":true,"href":"https:\/\/diariodominicano.com\/index.php?rest_route=%2Fwp%2Fv2%2Fcomments&post=658572"}],"version-history":[{"count":2,"href":"https:\/\/diariodominicano.com\/index.php?rest_route=\/wp\/v2\/posts\/658572\/revisions"}],"predecessor-version":[{"id":658576,"href":"https:\/\/diariodominicano.com\/index.php?rest_route=\/wp\/v2\/posts\/658572\/revisions\/658576"}],"wp:featuredmedia":[{"embeddable":true,"href":"https:\/\/diariodominicano.com\/index.php?rest_route=\/wp\/v2\/media\/658573"}],"wp:attachment":[{"href":"https:\/\/diariodominicano.com\/index.php?rest_route=%2Fwp%2Fv2%2Fmedia&parent=658572"}],"wp:term":[{"taxonomy":"category","embeddable":true,"href":"https:\/\/diariodominicano.com\/index.php?rest_route=%2Fwp%2Fv2%2Fcategories&post=658572"},{"taxonomy":"post_tag","embeddable":true,"href":"https:\/\/diariodominicano.com\/index.php?rest_route=%2Fwp%2Fv2%2Ftags&post=658572"}],"curies":[{"name":"wp","href":"https:\/\/api.w.org\/{rel}","templated":true}]}}