{"id":65856,"date":"2012-04-23T18:53:27","date_gmt":"2012-04-23T18:53:27","guid":{"rendered":"http:\/\/diariodominicano.ddns.net\/?p=65856"},"modified":"2012-04-23T18:53:27","modified_gmt":"2012-04-23T18:53:27","slug":"luis-camnitzer-se-reune-con-docentes-participantes-en-la-plataforma-educativa-piensa-en-arte-think-art","status":"publish","type":"post","link":"https:\/\/diariodominicano.com\/?p=65856","title":{"rendered":"&#13;Luis Camnitzer se re\u00fane con docentes participantes en la plataforma educativa Piensa en arte\/ Think Art"},"content":{"rendered":"<p><body><\/p>\n<p><img decoding=\"async\" src=\"img3\/Camnitzer con los profesores Miches.jpg\" \/>  <\/p>\n<p><span class=\"text1noticias\">03:00 PM SANTO DOMINGO, RD, 23 Abr 2012.-La Fundaci\u00f3n Tropicalia y los docentes y estudiantes de las escuelas participantes en sus  iniciativas educativas en Miches, compartieron con Luis Camnitzer, el reconocido artista, cr\u00edtico, y pedagogo uruguayo sus experiencias con la plataforma educativa Piensa en arte\/Think Art de la Fundaci\u00f3n Cisneros.<\/span><\/p>\n<p><span class=\"text1noticias\"> <\/span><\/p>\n<p><span class=\"text1noticias\">En esta segunda visita al municipio de Miches y las escuelas del distrito escolar 12-04, Luis Camnitzer pudo conversar e intercambiar las experiencias con docentes y estudiantes que han estado trabajando con Piensa en arte. Adem\u00e1s de recibir y dar retroalimentaci\u00f3n sobre la aplicaci\u00f3n  de la iniciativa.<\/span><\/p>\n<p><span class=\"text1noticias\"> <\/span><\/p>\n<p><span class=\"text1noticias\">Tambi\u00e9n tuvo ocasi\u00f3n de ver los murales en las escuelas que han sido creados en conjunto con el Programa de Recuperaci\u00f3n y Mantenimiento de Escuelas de la Fundaci\u00f3n Tropicalia, el cual est\u00e1 dirigido a las escuelas b\u00e1sicas y liceos del distrito escolar 12-04 y se lleva a cabo conjuntamente con  las iniciativas educativas de la Fundaci\u00f3n Cisneros: Actualizaci\u00f3n de Maestros en Educaci\u00f3n (AME), Piensa en arte\/Think Art, y Alfabetizaci\u00f3n Digital para Maestros.<\/span><\/p>\n<p><span class=\"text1noticias\"> <\/span><\/p>\n<p><span class=\"text1noticias\">Durante su recorrido por este municipio Camnitzer expres\u00f3: \u00abDesde mi \u00faltima visita a Miches en el 2011, he notado un cambio en la receptividad de los docentes, ellos se encuentran mucho m\u00e1s abiertos y tienen mayor dominio del programa\u00bb. \u00abM\u00e1s que objetivos cuantitativos perseguimos que los docentes aprendan a realizar conexiones entre la realidad y el arte, de modo que veamos cambios en la forma de pensar y de percibir el mundo de la nueva generaci\u00f3n\u00bb agreg\u00f3 el artista uruguayo.<\/span><\/p>\n<p><span class=\"text1noticias\"> <\/span><\/p>\n<p><span class=\"text1noticias\">Camnitzer, reconocido como uno de los m\u00e1s importantes artistas conceptuales, pensadores y escritores latinoamericanos, se uni\u00f3 desde el 2009 al equipo de la Colecci\u00f3n Patricia Phelps de Cisneros y su plataforma educativa Piensa en arteThink Art como asesor pedag\u00f3gico.<\/span><\/p>\n<p><span class=\"text1noticias\"> <\/span><\/p>\n<p><span class=\"text1noticias\"><strong><em><u>CG.<\/u><\/em><\/strong><\/span><\/p>\n<\/p>\n<h6> 2012-04-23 18:53:27 <\/h6>\n<p><!--\n<link rel=\"stylesheet\" href=\"css\/bootstrap.min.css\">\n\n\n<ul class=\"pagination\">\n\t    \n\t\n\n<li >\n\t<a href='?page_no=17533'>Previous<\/a>\n\t<\/li>\n\n\n       \n    \n\n<li><a href='?page_no=1'>1<\/a><\/li>\n\n\n\n<li><a href='?page_no=2'>2<\/a><\/li>\n\n\n\n<li><a>...<\/a><\/li>\n\n\n\n<li><a href='?page_no=17532'>17532<\/a><\/li>\n\n\n\n<li><a href='?page_no=17533'>17533<\/a><\/li>\n\n\n\n<li class='active'><a>17534<\/a><\/li>\n\n\n\n<li><a href='?page_no=17535'>17535<\/a><\/li>\n\n\n\n<li><a href='?page_no=17536'>17536<\/a><\/li>\n\n\n\n<li><a>...<\/a><\/li>\n\n\n\n<li><a href='?page_no=22911'>22911<\/a><\/li>\n\n\n\n<li><a href='?page_no=22912'>22912<\/a><\/li>\n\n    \n\t\n\n<li >\n\t<a href='?page_no=17535'>Next<\/a>\n\t<\/li>\n\n\n    \n\n<li><a href='?page_no=22912'>Last &rsaquo;&rsaquo;<\/a><\/li>\n\n<\/ul>\n\n\n--><br \/>\n<\/body><\/p>\n","protected":false},"excerpt":{"rendered":"<p>03:00 PM SANTO DOMINGO, RD, 23 Abr 2012.-La Fundaci\u00f3n Tropicalia y los docentes y estudiantes de las escuelas participantes en sus iniciativas educativas en Miches, compartieron con Luis Camnitzer, el reconocido artista, cr\u00edtico, y pedagogo uruguayo sus experiencias con la plataforma educativa Piensa en arte\/Think Art de la Fundaci\u00f3n Cisneros. En esta segunda visita al [&hellip;]<\/p>\n","protected":false},"author":3,"featured_media":0,"comment_status":"open","ping_status":"open","sticky":false,"template":"","format":"standard","meta":{"footnotes":""},"categories":[21],"tags":[],"class_list":["post-65856","post","type-post","status-publish","format-standard","hentry","category-cultura"],"_links":{"self":[{"href":"https:\/\/diariodominicano.com\/index.php?rest_route=\/wp\/v2\/posts\/65856","targetHints":{"allow":["GET"]}}],"collection":[{"href":"https:\/\/diariodominicano.com\/index.php?rest_route=\/wp\/v2\/posts"}],"about":[{"href":"https:\/\/diariodominicano.com\/index.php?rest_route=\/wp\/v2\/types\/post"}],"author":[{"embeddable":true,"href":"https:\/\/diariodominicano.com\/index.php?rest_route=\/wp\/v2\/users\/3"}],"replies":[{"embeddable":true,"href":"https:\/\/diariodominicano.com\/index.php?rest_route=%2Fwp%2Fv2%2Fcomments&post=65856"}],"version-history":[{"count":0,"href":"https:\/\/diariodominicano.com\/index.php?rest_route=\/wp\/v2\/posts\/65856\/revisions"}],"wp:attachment":[{"href":"https:\/\/diariodominicano.com\/index.php?rest_route=%2Fwp%2Fv2%2Fmedia&parent=65856"}],"wp:term":[{"taxonomy":"category","embeddable":true,"href":"https:\/\/diariodominicano.com\/index.php?rest_route=%2Fwp%2Fv2%2Fcategories&post=65856"},{"taxonomy":"post_tag","embeddable":true,"href":"https:\/\/diariodominicano.com\/index.php?rest_route=%2Fwp%2Fv2%2Ftags&post=65856"}],"curies":[{"name":"wp","href":"https:\/\/api.w.org\/{rel}","templated":true}]}}