{"id":658556,"date":"2026-01-05T00:58:55","date_gmt":"2026-01-05T04:58:55","guid":{"rendered":"https:\/\/diariodominicano.com\/?p=658556"},"modified":"2026-01-06T00:14:52","modified_gmt":"2026-01-06T04:14:52","slug":"eeuu-necesita-groenlandia-para-la-defensa-tras-ataques-contra-venezuela-dice-trump","status":"publish","type":"post","link":"https:\/\/diariodominicano.com\/?p=658556","title":{"rendered":"EEUU necesita Groenlandia \u00abpara la defensa\u00bb tras ataques contra Venezuela, dice Trump"},"content":{"rendered":"\n<p><em>spanish.news.cn<\/em>|<em>&nbsp;2026-01-05 06:02:30<\/em>|<\/p>\n\n\n\n<p>WASHINGTON, 4 ene (Xinhua) &#8212; El presidente de Estados Unidos, Donald Trump, enfatiz\u00f3 hoy que Estados Unidos necesita Groenlandia \u00abpara la defensa\u00bb y afirm\u00f3 que Venezuela podr\u00eda no ser el \u00faltimo pa\u00eds sometido a una intervenci\u00f3n estadounidense, indic\u00f3 The Atlantic.<\/p>\n\n\n\n<p>\u00abNecesitamos Groenlandia, sin duda alguna\u00bb, dijo Trump en una entrevista telef\u00f3nica con la revista. La isla, localizada en el \u00c1rtico, forma parte de Dinamarca.<\/p>\n\n\n\n<p>Corresponde a otros decidir lo que el ataque a gran escala de Estados Unidos contra Venezuela significa para Groenlandia, dijo Trump.<\/p>\n\n\n\n<p>\u00abVan a tener que verlo por s\u00ed mismos. Realmente no lo s\u00e9\u00bb, dijo Trump. \u00abYa saben, no me refer\u00eda a Groenlandia en ese momento. Pero realmente necesitamos Groenlandia, sin duda alguna. La necesitamos para la defensa\u00bb.<\/p>\n\n\n\n<p>La primera ministra danesa, Mette Frederiksen, dijo hoy que Estados Unidos no tiene derecho a anexarse Groenlandia, e inst\u00f3 a Washington a dejar de lanzar amenazas contra un aliado cercano y el pueblo groenland\u00e9s.<\/p>\n\n\n\n<p>\u00abSe lo tengo que decir muy directamente a Estados Unidos\u00bb, indic\u00f3 Frederiksen en una declaraci\u00f3n. Tambi\u00e9n rechaz\u00f3 la idea de que fuera necesario para Estados Unidos apoderarse de Groenlandia, y enfatiz\u00f3 que \u00abEstados Unidos no tiene derecho a anexarse\u00bb ninguna de las tres partes del reino dan\u00e9s: Dinamarca, Groenlandia e Islas Feroe.<\/p>\n\n\n\n<p><a href=\"https:\/\/www.facebook.com\/sharer\/sharer.php?u=https:\/\/spanish.xinhuanet.com\/20260105\/1737ac7156bf4a0cb73fbed3b4f73884\/c.html\" target=\"_blank\" rel=\"noreferrer noopener\"><\/a>&nbsp;<a href=\"https:\/\/twitter.com\/intent\/tweet?text=EEUU%20necesita%20Groenlandia%20%22para%20la%20defensa%22%20tras%20ataques%20contra%20Venezuela,%20dice%20Trump&amp;url=https:\/\/spanish.xinhuanet.com\/20260105\/1737ac7156bf4a0cb73fbed3b4f73884\/c.html\" target=\"_blank\" rel=\"noreferrer noopener\"><\/a>&nbsp;<a target=\"_blank\" href=\"https:\/\/service.weibo.com\/share\/share.php?title=EEUU%20necesita%20Groenlandia%20%22para%20la%20defensa%22%20tras%20ataques%20contra%20Venezuela,%20dice%20Trump&amp;url=https:\/\/spanish.xinhuanet.com\/20260105\/1737ac7156bf4a0cb73fbed3b4f73884\/c.html\" rel=\"noreferrer noopener\"><\/a>&nbsp;<a><\/a><\/p>\n\n\n\n<figure class=\"wp-block-image\"><img decoding=\"async\" src=\"https:\/\/imgs.news.cn\/res\/xhwimg\/spanish\/20170522\/img\/jc-xfa.png\" alt=\"\"\/><\/figure>\n","protected":false},"excerpt":{"rendered":"<p>spanish.news.cn|&nbsp;2026-01-05 06:02:30| WASHINGTON, 4 ene (Xinhua) &#8212; El presidente de Estados Unidos, Donald Trump, enfatiz\u00f3 hoy que Estados Unidos necesita Groenlandia \u00abpara la defensa\u00bb y afirm\u00f3 que Venezuela podr\u00eda no ser el \u00faltimo pa\u00eds sometido a una intervenci\u00f3n estadounidense, indic\u00f3 The Atlantic. \u00abNecesitamos Groenlandia, sin duda alguna\u00bb, dijo Trump en una entrevista telef\u00f3nica con la [&hellip;]<\/p>\n","protected":false},"author":2,"featured_media":620767,"comment_status":"closed","ping_status":"closed","sticky":false,"template":"","format":"standard","meta":{"footnotes":""},"categories":[36,23,27],"tags":[832,3708,1375],"class_list":["post-658556","post","type-post","status-publish","format-standard","has-post-thumbnail","hentry","category-hombresmujeresycosas","category-internacional","category-portada","tag-donald-trump","tag-ee-uu-2","tag-venezuela"],"_links":{"self":[{"href":"https:\/\/diariodominicano.com\/index.php?rest_route=\/wp\/v2\/posts\/658556","targetHints":{"allow":["GET"]}}],"collection":[{"href":"https:\/\/diariodominicano.com\/index.php?rest_route=\/wp\/v2\/posts"}],"about":[{"href":"https:\/\/diariodominicano.com\/index.php?rest_route=\/wp\/v2\/types\/post"}],"author":[{"embeddable":true,"href":"https:\/\/diariodominicano.com\/index.php?rest_route=\/wp\/v2\/users\/2"}],"replies":[{"embeddable":true,"href":"https:\/\/diariodominicano.com\/index.php?rest_route=%2Fwp%2Fv2%2Fcomments&post=658556"}],"version-history":[{"count":1,"href":"https:\/\/diariodominicano.com\/index.php?rest_route=\/wp\/v2\/posts\/658556\/revisions"}],"predecessor-version":[{"id":658557,"href":"https:\/\/diariodominicano.com\/index.php?rest_route=\/wp\/v2\/posts\/658556\/revisions\/658557"}],"wp:featuredmedia":[{"embeddable":true,"href":"https:\/\/diariodominicano.com\/index.php?rest_route=\/wp\/v2\/media\/620767"}],"wp:attachment":[{"href":"https:\/\/diariodominicano.com\/index.php?rest_route=%2Fwp%2Fv2%2Fmedia&parent=658556"}],"wp:term":[{"taxonomy":"category","embeddable":true,"href":"https:\/\/diariodominicano.com\/index.php?rest_route=%2Fwp%2Fv2%2Fcategories&post=658556"},{"taxonomy":"post_tag","embeddable":true,"href":"https:\/\/diariodominicano.com\/index.php?rest_route=%2Fwp%2Fv2%2Ftags&post=658556"}],"curies":[{"name":"wp","href":"https:\/\/api.w.org\/{rel}","templated":true}]}}