{"id":65855,"date":"2012-04-23T19:18:33","date_gmt":"2012-04-23T19:18:33","guid":{"rendered":"http:\/\/diariodominicano.ddns.net\/?p=65855"},"modified":"2012-04-23T19:18:33","modified_gmt":"2012-04-23T19:18:33","slug":"el-fotografo-de-los-escritores-daniel-mordzinski-presenta-los-rostros-de-la-escritura","status":"publish","type":"post","link":"https:\/\/diariodominicano.com\/?p=65855","title":{"rendered":"&#13;El fot\u00f3grafo de los escritores Daniel Mordzinski presenta \u00abLos rostros de la escritura\u00bb"},"content":{"rendered":"<p><body><\/p>\n<p><img decoding=\"async\" src=\"img3\/Daniel Mordzinski EN FERIA RD 2012.JPG\" \/>  <\/p>\n<p><span class=\"text1noticias\">03:20 PM SANTO DOMINGO, RD, 23 Abr 2012.-El reconocido fot\u00f3grafo argentino Daniel Mordzinski dictar\u00e1 hoy a las 8:00 de la noche la conferencia \u00abLos rostros de la escritura. 15 historias fotogr\u00e1ficas para una memoria visual de las letras\u00bb, en la Sala A\u00edda Bonnelly de D\u00edaz, del Teatro Nacional Eduardo Brito.<\/span><\/p>\n<\/p>\n<p><span class=\"text1noticias\">Esta presentaci\u00f3n forma parte del ciclo de conferencias que ofrece la Feria Internacional del Libro, durante sus 18 d\u00edas de duraci\u00f3n.<\/span><\/p>\n<\/p>\n<p><span class=\"text1noticias\">Daniel Mordzinski trabaja desde hace m\u00e1s de treinta a\u00f1os en un ambicioso \u00abAtlas humano\u00bb de la literatura iberoamericana. Es corresponsal gr\u00e1fico del diario El Pa\u00eds, de Espa\u00f1a.<\/span><\/p>\n<\/p>\n<p><span class=\"text1noticias\">Ha publicado numerosas obras entre ellas, \u00abLa senda de los moriscos\u00bb, \u00abDe tinta y cruz\u00bb, Ultimas noticias del Sur\u00bb y \u00abGuanda en Italia\u00bb, entre otras. Ha participado en importantes exposiciones fotogr\u00e1ficas a nivel mundial, como la Cumbre de Jefes de Estado, Mar del Plata organizado por la SEGIN, exposicici\u00f3n en la Plaza de la Independencia, Santo Domingo, Rep\u00fablica Dominicana, La vuelta al mundo en 80 retratos: Iglesia de las Francesas de Valladolid.<\/span><\/p>\n<\/p>\n<p><span class=\"text1noticias\">Mordzinski se ha convertido en el mejor c\u00f3mplice de tres generaciones de creadores. El afamado fot\u00f3grafo de los grandes escritores del mundo, tambi\u00e9n tiene abierta en el recinto ferial la exposici\u00f3n titulada \u00abLa mujer en el universo de las letras\u00bb, en la que honra la figura de 50 mujeres escritoras de Am\u00e9rica Latina y Rep\u00fablica Dominicana.<\/span><\/p>\n<\/p>\n<p><span class=\"text1noticias\">Representan al pa\u00eds Soledad \u00c1lvarez, \u00c1ngela Hern\u00e1ndez, Chiqui Vicioso, Marivell Contreras y Kianny Antigua.<\/span><\/p>\n<\/p>\n<p><span class=\"text1noticias\">El Ministro de Cultura, Jos\u00e9 Rafael Lantigua,  expres\u00f3 que Mordzinski es el m\u00e1s famoso fot\u00f3grafo  de los grandes escritores del mundo, una verdadera personalidad internacional. Con su exposici\u00f3n privilegia la imagen femenina de quienes construyen con sus versos, sus creaciones narrativas, sus posturas filos\u00f3ficas y su entrega a las letras, la imagen y el prestigio de la literatura hecha por mujeres desde todos los confines de nuestra Am\u00e9rica.<\/span><\/p>\n<\/p>\n<p><strong><em><u><span class=\"text1noticias\">CG.<\/span><\/u><\/em><\/strong><\/p>\n<\/p>\n<h6> 2012-04-23 19:18:33 <\/h6>\n<p><!--\n<link rel=\"stylesheet\" href=\"css\/bootstrap.min.css\">\n\n\n<ul class=\"pagination\">\n\t    \n\t\n\n<li >\n\t<a href='?page_no=17532'>Previous<\/a>\n\t<\/li>\n\n\n       \n    \n\n<li><a href='?page_no=1'>1<\/a><\/li>\n\n\n\n<li><a href='?page_no=2'>2<\/a><\/li>\n\n\n\n<li><a>...<\/a><\/li>\n\n\n\n<li><a href='?page_no=17531'>17531<\/a><\/li>\n\n\n\n<li><a href='?page_no=17532'>17532<\/a><\/li>\n\n\n\n<li class='active'><a>17533<\/a><\/li>\n\n\n\n<li><a href='?page_no=17534'>17534<\/a><\/li>\n\n\n\n<li><a href='?page_no=17535'>17535<\/a><\/li>\n\n\n\n<li><a>...<\/a><\/li>\n\n\n\n<li><a href='?page_no=22911'>22911<\/a><\/li>\n\n\n\n<li><a href='?page_no=22912'>22912<\/a><\/li>\n\n    \n\t\n\n<li >\n\t<a href='?page_no=17534'>Next<\/a>\n\t<\/li>\n\n\n    \n\n<li><a href='?page_no=22912'>Last &rsaquo;&rsaquo;<\/a><\/li>\n\n<\/ul>\n\n\n--><br \/>\n<\/body><\/p>\n","protected":false},"excerpt":{"rendered":"<p>03:20 PM SANTO DOMINGO, RD, 23 Abr 2012.-El reconocido fot\u00f3grafo argentino Daniel Mordzinski dictar\u00e1 hoy a las 8:00 de la noche la conferencia \u00abLos rostros de la escritura. 15 historias fotogr\u00e1ficas para una memoria visual de las letras\u00bb, en la Sala A\u00edda Bonnelly de D\u00edaz, del Teatro Nacional Eduardo Brito. Esta presentaci\u00f3n forma parte del [&hellip;]<\/p>\n","protected":false},"author":3,"featured_media":0,"comment_status":"open","ping_status":"open","sticky":false,"template":"","format":"standard","meta":{"footnotes":""},"categories":[21],"tags":[],"class_list":["post-65855","post","type-post","status-publish","format-standard","hentry","category-cultura"],"_links":{"self":[{"href":"https:\/\/diariodominicano.com\/index.php?rest_route=\/wp\/v2\/posts\/65855","targetHints":{"allow":["GET"]}}],"collection":[{"href":"https:\/\/diariodominicano.com\/index.php?rest_route=\/wp\/v2\/posts"}],"about":[{"href":"https:\/\/diariodominicano.com\/index.php?rest_route=\/wp\/v2\/types\/post"}],"author":[{"embeddable":true,"href":"https:\/\/diariodominicano.com\/index.php?rest_route=\/wp\/v2\/users\/3"}],"replies":[{"embeddable":true,"href":"https:\/\/diariodominicano.com\/index.php?rest_route=%2Fwp%2Fv2%2Fcomments&post=65855"}],"version-history":[{"count":0,"href":"https:\/\/diariodominicano.com\/index.php?rest_route=\/wp\/v2\/posts\/65855\/revisions"}],"wp:attachment":[{"href":"https:\/\/diariodominicano.com\/index.php?rest_route=%2Fwp%2Fv2%2Fmedia&parent=65855"}],"wp:term":[{"taxonomy":"category","embeddable":true,"href":"https:\/\/diariodominicano.com\/index.php?rest_route=%2Fwp%2Fv2%2Fcategories&post=65855"},{"taxonomy":"post_tag","embeddable":true,"href":"https:\/\/diariodominicano.com\/index.php?rest_route=%2Fwp%2Fv2%2Ftags&post=65855"}],"curies":[{"name":"wp","href":"https:\/\/api.w.org\/{rel}","templated":true}]}}