{"id":65854,"date":"2012-04-23T21:28:19","date_gmt":"2012-04-23T21:28:19","guid":{"rendered":"http:\/\/diariodominicano.ddns.net\/?p=65854"},"modified":"2012-04-23T21:28:19","modified_gmt":"2012-04-23T21:28:19","slug":"mescyt-auspicia-master-universitario-en-direccion-hotelera-en-respaldo-carrera-imparte-uasd","status":"publish","type":"post","link":"https:\/\/diariodominicano.com\/?p=65854","title":{"rendered":"MESCyT auspicia m\u00e1ster universitario en direcci\u00f3n hotelera en respaldo carrera imparte UASD"},"content":{"rendered":"<p><body><\/p>\n<p><img decoding=\"async\" src=\"img3\/master.JPG\" \/>  <\/p>\n<p><span class=\"text1noticias\">Rep.Dom. 23 de Abril 05:30 P.M. En el marco del proyecto de especializaci\u00f3n de profesionales del \u00e1rea de Turismo, iniciado en la Universidad Aut\u00f3noma de Santo Domingo (UASD), con el Ministerio de Educaci\u00f3n Superior, Ciencia y Tecnolog\u00eda (MESCYT), inicio este lunes el M\u00e1ster Universitario en Direcci\u00f3n Hotelera y Restauraci\u00f3n, el cual ser\u00e1 impartido por la Escuela Universitaria de Hoteler\u00eda y Turismo (CETT) de Barcelona.<\/span><\/p>\n<\/p>\n<p><span class=\"text1noticias\">El m\u00e1ster en Direcci\u00f3n Hotelera y Restauraci\u00f3n est\u00e1 dirigido al personal docente del \u00e1rea de Hoteler\u00eda y Turismo de la UASD y permitir\u00e1 replantear la oferta acad\u00e9mica que ofrece la entidad educativa estatal en este rengl\u00f3n.<\/span><\/p>\n<\/p>\n<p><span class=\"text1noticias\">En el desarrollo del programa de estudio se plantear\u00e1 el an\u00e1lisis de las actuales necesidades del sector tur\u00edstico en la Rep\u00fablica Dominicana y c\u00f3mo la UASD puede ajustar su oferta acad\u00e9mica en esta carrera que tiene como blanco de p\u00fablico uno de los sectores  generadores de divisas, el turismo.<\/span><\/p>\n<p><span class=\"text1noticias\">En la actividad la Ministra de Educaci\u00f3n Superior, Ciencia y Tecnolog\u00eda, Maestra Ligia Amada de Cardona, dijo que el m\u00e1ster forma parte del proceso de actualizaci\u00f3n y fortalecimiento de esta carrera que se imparte en la UASD.<\/span><\/p>\n<\/p>\n<p><span class=\"text1noticias\">A la actividad asisti\u00f3 el rector de la UASD, maestro Mateo Aquino Febrillet, el decano de la Facultad de Econom\u00eda, Maestro Juan Manuel Cerda, as\u00ed como el director de la Escuela de Administraci\u00f3n de la referida facultad, Maestro Alexis Mart\u00ednez.<\/span><\/p>\n<\/p>\n<p><span class=\"text1noticias\">El m\u00e1ster tendr\u00e1 una duraci\u00f3n de1 a\u00f1o, siendo impartido de manera presencial (en la sede del MESCyT) y semipresencial v\u00eda online.  <\/span><\/p>\n<p><span class=\"text1noticias\"> <\/span><\/p>\n<p><span class=\"text1noticias\">Los temas que ser\u00e1n tratados en el M\u00e1ster son los siguientes: a) Gesti\u00f3n de las personas y las organizaciones; b) Direcci\u00f3n Econ\u00f3mico-Financiera; c) Direcci\u00f3n Estrat\u00e9gica; d) Formaci\u00f3n de Formadores; e) Direcci\u00f3n de Marketing; f) Direcci\u00f3n de Operaciones Hoteleras; g) Creaci\u00f3n de Servicios y Productos Hoteleros; h) Gesti\u00f3n de Experiencias. An\u00e1lisis de la Clientela y Satisfacci\u00f3n de Necesidades.(HG)<\/span>.<\/p>\n<h6> 2012-04-23 21:28:19 <\/h6>\n<p><!--\n<link rel=\"stylesheet\" href=\"css\/bootstrap.min.css\">\n\n\n<ul class=\"pagination\">\n\t    \n\t\n\n<li >\n\t<a href='?page_no=17531'>Previous<\/a>\n\t<\/li>\n\n\n       \n    \n\n<li><a href='?page_no=1'>1<\/a><\/li>\n\n\n\n<li><a href='?page_no=2'>2<\/a><\/li>\n\n\n\n<li><a>...<\/a><\/li>\n\n\n\n<li><a href='?page_no=17530'>17530<\/a><\/li>\n\n\n\n<li><a href='?page_no=17531'>17531<\/a><\/li>\n\n\n\n<li class='active'><a>17532<\/a><\/li>\n\n\n\n<li><a href='?page_no=17533'>17533<\/a><\/li>\n\n\n\n<li><a href='?page_no=17534'>17534<\/a><\/li>\n\n\n\n<li><a>...<\/a><\/li>\n\n\n\n<li><a href='?page_no=22911'>22911<\/a><\/li>\n\n\n\n<li><a href='?page_no=22912'>22912<\/a><\/li>\n\n    \n\t\n\n<li >\n\t<a href='?page_no=17533'>Next<\/a>\n\t<\/li>\n\n\n    \n\n<li><a href='?page_no=22912'>Last &rsaquo;&rsaquo;<\/a><\/li>\n\n<\/ul>\n\n\n--><br \/>\n<\/body><\/p>\n","protected":false},"excerpt":{"rendered":"<p>Rep.Dom. 23 de Abril 05:30 P.M. En el marco del proyecto de especializaci\u00f3n de profesionales del \u00e1rea de Turismo, iniciado en la Universidad Aut\u00f3noma de Santo Domingo (UASD), con el Ministerio de Educaci\u00f3n Superior, Ciencia y Tecnolog\u00eda (MESCYT), inicio este lunes el M\u00e1ster Universitario en Direcci\u00f3n Hotelera y Restauraci\u00f3n, el cual ser\u00e1 impartido por la [&hellip;]<\/p>\n","protected":false},"author":3,"featured_media":0,"comment_status":"open","ping_status":"open","sticky":false,"template":"","format":"standard","meta":{"footnotes":""},"categories":[21],"tags":[],"class_list":["post-65854","post","type-post","status-publish","format-standard","hentry","category-cultura"],"_links":{"self":[{"href":"https:\/\/diariodominicano.com\/index.php?rest_route=\/wp\/v2\/posts\/65854","targetHints":{"allow":["GET"]}}],"collection":[{"href":"https:\/\/diariodominicano.com\/index.php?rest_route=\/wp\/v2\/posts"}],"about":[{"href":"https:\/\/diariodominicano.com\/index.php?rest_route=\/wp\/v2\/types\/post"}],"author":[{"embeddable":true,"href":"https:\/\/diariodominicano.com\/index.php?rest_route=\/wp\/v2\/users\/3"}],"replies":[{"embeddable":true,"href":"https:\/\/diariodominicano.com\/index.php?rest_route=%2Fwp%2Fv2%2Fcomments&post=65854"}],"version-history":[{"count":0,"href":"https:\/\/diariodominicano.com\/index.php?rest_route=\/wp\/v2\/posts\/65854\/revisions"}],"wp:attachment":[{"href":"https:\/\/diariodominicano.com\/index.php?rest_route=%2Fwp%2Fv2%2Fmedia&parent=65854"}],"wp:term":[{"taxonomy":"category","embeddable":true,"href":"https:\/\/diariodominicano.com\/index.php?rest_route=%2Fwp%2Fv2%2Fcategories&post=65854"},{"taxonomy":"post_tag","embeddable":true,"href":"https:\/\/diariodominicano.com\/index.php?rest_route=%2Fwp%2Fv2%2Ftags&post=65854"}],"curies":[{"name":"wp","href":"https:\/\/api.w.org\/{rel}","templated":true}]}}