{"id":65853,"date":"2012-04-23T22:01:27","date_gmt":"2012-04-23T22:01:27","guid":{"rendered":"http:\/\/diariodominicano.ddns.net\/?p=65853"},"modified":"2012-04-23T22:01:27","modified_gmt":"2012-04-23T22:01:27","slug":"rafael-nunez-pondra-a-circular-libro-sobre-los-gabinetes-de-comunicacion-gubernamental","status":"publish","type":"post","link":"https:\/\/diariodominicano.com\/?p=65853","title":{"rendered":"Rafael N\u00fa\u00f1ez pondr\u00e1 a circular libro sobre los Gabinetes de Comunicaci\u00f3n Gubernamental"},"content":{"rendered":"<p><body><\/p>\n<p><img decoding=\"async\" src=\"img3\/nunez.jpg\" \/>  <\/p>\n<p><span class=\"text1noticias\">Rep.Dom. 23 de Abril 06:03 P.M.-El periodista Rafael N\u00fa\u00f1ez pondr\u00e1 en circulaci\u00f3n este mi\u00e9rcoles 25, a las 6:00 de la tarde, la obra \u00abGabinetes de Comunicaci\u00f3n Gubernamental: Experiencia dominicana\u00bb, en la que recoge las pr\u00e1cticas comunicacionales desde la Direcci\u00f3n de Informaci\u00f3n, Prensa y Publicidad de la Presidencia.<\/span><\/p>\n<\/p>\n<p><span class=\"text1noticias\">La obra del comunicador social ser\u00e1 presentada en la Sala de la Cultura Aida Bonelly de D\u00edaz, del Teatro Nacional, actividad en la que participar\u00e1n funcionarios del gobierno y personalidades ligadas a los medios masivos de comunicaci\u00f3n.<\/span><\/p>\n<\/p>\n<p><span class=\"text1noticias\">N\u00fa\u00f1ez explic\u00f3 que el libro es un modesto aporte del equipo de prensa del presidente Fern\u00e1ndez para que los estudiantes de comunicaci\u00f3n puedan contar con el primer texto de referencia acerca de la comunicaci\u00f3n de gobierno.<\/span><\/p>\n<\/p>\n<p><span class=\"text1noticias\">A trav\u00e9s del libro, el autor comparte con los lectores gran parte de sus experiencias, lecciones aprendidas y los avances logrados desde que asumi\u00f3 la Direcci\u00f3n de Informaci\u00f3n, Prensa y Publicidad de la Presidencia en agosto del 2004.<\/span><\/p>\n<\/p>\n<p><span class=\"text1noticias\">El experimentado comunicador busca con esta publicaci\u00f3n, hacer un aporte a las presentes y las futuras generaciones de los profesionales que tienen y tendr\u00e1n como misi\u00f3n planificar y gestionar la comunicaci\u00f3n gubernamental en el pa\u00eds.<\/span><\/p>\n<\/p>\n<p><span class=\"text1noticias\">El gobierno del presidente Fern\u00e1ndez dispone de un aut\u00e9ntico sistema de informaci\u00f3n y comunicaci\u00f3n, acorde con los lineamientos y los principios universales que rigen la comunicaci\u00f3n, integrado por unas 200 instituciones gubernamentales.<\/span><\/p>\n<\/p>\n<p><span class=\"text1noticias\">Dichas entidades est\u00e1n regidas a trav\u00e9s de los Gabinetes de Comunicaci\u00f3n que coordina la Direcci\u00f3n de Informaci\u00f3n, Prensa y Publicidad de la Presidencia, y que fueron instituidos por el presidente Leonel Fern\u00e1ndez mediante el decreto n\u00famero 525-08.<\/span><\/p>\n<\/p>\n<p><span class=\"text1noticias\">El libro \u00abGabinetes de Comunicaci\u00f3n Gubernamental: Experiencia Dominicana\u00bb ser\u00e1 presentado por el licenciado Virgilio Alc\u00e1ntara. En el acto se proyectar\u00e1 un documental relacionado al nuevo texto.(HG)<\/span>.<\/p>\n<h6> 2012-04-23 22:01:27 <\/h6>\n<p><!--\n<link rel=\"stylesheet\" href=\"css\/bootstrap.min.css\">\n\n\n<ul class=\"pagination\">\n\t    \n\t\n\n<li >\n\t<a href='?page_no=17530'>Previous<\/a>\n\t<\/li>\n\n\n       \n    \n\n<li><a href='?page_no=1'>1<\/a><\/li>\n\n\n\n<li><a href='?page_no=2'>2<\/a><\/li>\n\n\n\n<li><a>...<\/a><\/li>\n\n\n\n<li><a href='?page_no=17529'>17529<\/a><\/li>\n\n\n\n<li><a href='?page_no=17530'>17530<\/a><\/li>\n\n\n\n<li class='active'><a>17531<\/a><\/li>\n\n\n\n<li><a href='?page_no=17532'>17532<\/a><\/li>\n\n\n\n<li><a href='?page_no=17533'>17533<\/a><\/li>\n\n\n\n<li><a>...<\/a><\/li>\n\n\n\n<li><a href='?page_no=22911'>22911<\/a><\/li>\n\n\n\n<li><a href='?page_no=22912'>22912<\/a><\/li>\n\n    \n\t\n\n<li >\n\t<a href='?page_no=17532'>Next<\/a>\n\t<\/li>\n\n\n    \n\n<li><a href='?page_no=22912'>Last &rsaquo;&rsaquo;<\/a><\/li>\n\n<\/ul>\n\n\n--><br \/>\n<\/body><\/p>\n","protected":false},"excerpt":{"rendered":"<p>Rep.Dom. 23 de Abril 06:03 P.M.-El periodista Rafael N\u00fa\u00f1ez pondr\u00e1 en circulaci\u00f3n este mi\u00e9rcoles 25, a las 6:00 de la tarde, la obra \u00abGabinetes de Comunicaci\u00f3n Gubernamental: Experiencia dominicana\u00bb, en la que recoge las pr\u00e1cticas comunicacionales desde la Direcci\u00f3n de Informaci\u00f3n, Prensa y Publicidad de la Presidencia. La obra del comunicador social ser\u00e1 presentada en [&hellip;]<\/p>\n","protected":false},"author":3,"featured_media":0,"comment_status":"open","ping_status":"open","sticky":false,"template":"","format":"standard","meta":{"footnotes":""},"categories":[21],"tags":[],"class_list":["post-65853","post","type-post","status-publish","format-standard","hentry","category-cultura"],"_links":{"self":[{"href":"https:\/\/diariodominicano.com\/index.php?rest_route=\/wp\/v2\/posts\/65853","targetHints":{"allow":["GET"]}}],"collection":[{"href":"https:\/\/diariodominicano.com\/index.php?rest_route=\/wp\/v2\/posts"}],"about":[{"href":"https:\/\/diariodominicano.com\/index.php?rest_route=\/wp\/v2\/types\/post"}],"author":[{"embeddable":true,"href":"https:\/\/diariodominicano.com\/index.php?rest_route=\/wp\/v2\/users\/3"}],"replies":[{"embeddable":true,"href":"https:\/\/diariodominicano.com\/index.php?rest_route=%2Fwp%2Fv2%2Fcomments&post=65853"}],"version-history":[{"count":0,"href":"https:\/\/diariodominicano.com\/index.php?rest_route=\/wp\/v2\/posts\/65853\/revisions"}],"wp:attachment":[{"href":"https:\/\/diariodominicano.com\/index.php?rest_route=%2Fwp%2Fv2%2Fmedia&parent=65853"}],"wp:term":[{"taxonomy":"category","embeddable":true,"href":"https:\/\/diariodominicano.com\/index.php?rest_route=%2Fwp%2Fv2%2Fcategories&post=65853"},{"taxonomy":"post_tag","embeddable":true,"href":"https:\/\/diariodominicano.com\/index.php?rest_route=%2Fwp%2Fv2%2Ftags&post=65853"}],"curies":[{"name":"wp","href":"https:\/\/api.w.org\/{rel}","templated":true}]}}